{"id":536,"date":"2020-08-05T11:07:00","date_gmt":"2020-08-05T09:07:00","guid":{"rendered":"https:\/\/agniyoga.es\/?p=536"},"modified":"2020-08-05T16:42:36","modified_gmt":"2020-08-05T14:42:36","slug":"retrospectiva-articulo-del-17-de-marzo-del-2020","status":"publish","type":"post","link":"https:\/\/agniyoga.es\/index.php\/2020\/08\/05\/retrospectiva-articulo-del-17-de-marzo-del-2020\/","title":{"rendered":"Retrospectiva, art\u00edculo del 17 de marzo del 2020"},"content":{"rendered":"\n<p>&nbsp;&nbsp; Hola, para quien no me conozca soy Sundari. En el momento de ponerme a escribir esto (las 12 de la madrugada del reci\u00e9n estrenado 17 de marzo) llevo ya unas 48 horas en shock por c\u00f3mo han evolucionado los acontecimientos. Antes que nada, quiero dejar una cosa clara: por experiencia s\u00e9 que cuanta m\u00e1s gravedad conlleva una situaci\u00f3n, m\u00e1s oportunidad encierra. Esta \u00e9poca maravillosa en la que vivimos, a pesar de que la apariencia es de hecatombe total, es testigo de un profundo y esperado despertar de las consciencias de los seres humanos, estamos siendo llamad@s a entrar en la Era del Coraz\u00f3n, la primera dimensi\u00f3n verdaderamente aut\u00e9ntica del ser humano que somos: la dimensi\u00f3n del Amor en la que y desde la que podemos sentir la verdadera fraternidad entre tod@s nosotr@s y el punto de anclaje desde el cual podemos caminar por este mundo amenazador que conocemos amparad@s por la \u00fanica e infalible protecci\u00f3n real, la de Nuestra Propia Divinidad. Es \u00e9ste un bendito momento de definitiva y profunda transformaci\u00f3n, y lo que verdaderamente se est\u00e1 cayendo es lo falso y lo ficticio sustentado por el ego. Este momento bendito, nos invita, m\u00e1s que nunca, a indagar lo que haga falta para ir m\u00e1s all\u00e1 de las apariencias, ya que el conocimiento y la verdadera informaci\u00f3n -que no la desinformaci\u00f3n oficial- siempre juega a nuestro favor.<\/p>\n\n\n\n<p>&nbsp;&nbsp; Del tema del coronavirus hace ya bastante que oigo hablar. Vivo muy al margen de los medios informativos oficiales, los ignoro y no me interesa la dial\u00e9ctica que provocan en la opini\u00f3n p\u00fablica. Sin embargo, cuando me interesa indagar en cualquier \u00e1mbito, cosa que me pasa con frecuencia, lo hago recurriendo a la vasta plataforma que es internet, tengo mucha experiencia y agilidad para investigar, puesto que llevo muchos a\u00f1os haci\u00e9ndolo y tengo un sexto sentido para sensar<a href=\"#_ftn1\">[1]<\/a> la veracidad y autenticidad de la informaci\u00f3n a la que llego o que me llega, tengo esp\u00edritu cr\u00edtico, me resulta f\u00e1cil discernir y discriminar, suelo percibir m\u00e1s all\u00e1 de las apariencias. Aunque me gusta mucho escribir, no suelo expresar p\u00fablicamente mi visi\u00f3n ni mis percepciones, salvo en contadas ocasiones en las que, por alguna raz\u00f3n, he sentido la necesidad de expresarme, ya sea para entregar algo que en m\u00ed se desborda o para ofrecer mi disentimiento cognitivo. Esto me est\u00e1 sucediendo estos d\u00edas en relaci\u00f3n al controvertido tema del coronavirus y en relaci\u00f3n a la incre\u00edble manipulaci\u00f3n medi\u00e1tica y may\u00fascula farsa a la que se est\u00e1 sometiendo a la poblaci\u00f3n. He sido testigo silencioso de muchas, much\u00edsimas situaciones de farsa y manipulaci\u00f3n ciudadana por parte de los gobiernos a lo largo de todos estos a\u00f1os, pues vivimos en un sistema que ha falseado completamente la informaci\u00f3n y ha desarrollado de forma progresiva infinidad de sofisticados mecanismos conspiratorios mediante los que se nos han inculcado falsas ideas, h\u00e1bitos nocivos, necesidades ficticias y lo peor y m\u00e1s efectivo, miedo, mucho miedo. Pero creo que no me equivoco cuando afirmo que est\u00e1 es la situaci\u00f3n social m\u00e1s grave de las que he sido testigo de primera mano desde que nac\u00ed. Pero recordemos lo que he dicho m\u00e1s arriba: cuanta m\u00e1s gravedad conlleva una situaci\u00f3n, m\u00e1s oportunidad encierra, esto aplica tanto a lo personal como a lo colectivo y social.&nbsp; &nbsp;<\/p>\n\n\n\n<p>&nbsp;&nbsp; El miedo, como todo lo que los seres humanos podemos sentir, tiene una utilidad y un prop\u00f3sito. El miedo, siempre y cuando no nos haya pose\u00eddo, es un sistema de alarma que nos alerta de un peligro y, desde un punto de vista humano, que no animal, la forma m\u00e1s inteligente de actuar cuando sentimos miedo o se disparan nuestras alarmas no es la de salir corriendo, sino la de atenderlo y mirar con audacia para descubrir el peligro que nos est\u00e1 se\u00f1alando. C\u00f3mo no tenemos mucha pr\u00e1ctica en esto porque lo que hacemos con m\u00e1s frecuencia es huir (el miedo nos da miedo) necesitamos observar atentamente y adquirir pr\u00e1ctica para discernir, entre los peligros ficticios y aparentes, d\u00f3nde est\u00e1 verdaderamente el peligro real.<\/p>\n\n\n\n<p>&nbsp;&nbsp; Sirva este pre\u00e1mbulo para introducirnos a la cuesti\u00f3n a la que quiero llegar. Me parece muy importante que podamos gestionar las cosas con humor y filosof\u00eda, es algo que ya se est\u00e1 haciendo. Pero me parece mucho m\u00e1s importante a\u00fan, que esta reacci\u00f3n desenfadada y festiva no tape algo que, inevitablemente, nos suceder\u00e1 a la mayor\u00eda: se nos est\u00e1n disparando las alarmas, en mayor o menor intensidad sentimos miedo: miedo a que esta situaci\u00f3n se alargue demasiado, miedo a las consecuencias econ\u00f3micas, miedo a que se acaben los suministros, miedo a lo que pasar\u00e1 despu\u00e9s&#8230; no se trata de ahogar ese miedo, aunque est\u00e1 bien no dejar que el mismo nos domine, se trata, sin embargo, primero, de conectar con nosotr@s mism@s, y segundo, de revisar en profundad la situaci\u00f3n para poder discernir y discriminar. El miedo, junto con la desinformaci\u00f3n (consecuencia de nuestra propia desidia) son las herramientas m\u00e1s poderosas que tiene el sistema para conseguir que las masas vayan por donde al sistema le interesa. Pues, ahora m\u00e1s que nunca, necesitamos tener esto presente.<\/p>\n\n\n\n<p>&nbsp;&nbsp; Insisto en que estamos viviendo una \u00e9poca fascinante de mucha, mucha intensidad que encierra much\u00edsima oportunidad de transformaci\u00f3n. Las situaciones por las que pasamos son un arma de doble filo, en el sentido de que, si nos seguimos aferrando sin ning\u00fan tipo de esp\u00edritu cr\u00edtico a las interpretaciones que nos vienen dadas, seremos testigos del propio hundimiento. Pero tenemos otra opci\u00f3n, una opci\u00f3n real que est\u00e1 esperando en nosotr@s que se active: la de la autoconexi\u00f3n, la conexi\u00f3n con Nuestro Ser Real, el Esp\u00edritu. Esta es nuestra Gu\u00eda Real, si nos referenciamos en Ella desde un profundo deseo de orientaci\u00f3n, Ella nos llevar\u00e1 de la mano, las bendiciones no dejar\u00e1n de suceder, y lo que es mejor: seremos capaces de reconocerlas. Esa parte elevada en cada un@ de nosotr@s que se expresa mediante el lenguaje del Amor y es capaz de percibir, no s\u00f3lo la tierna calidez en las personas y en las situaciones, sino tambi\u00e9n la tremenda oportunidad que las experiencias encierran. &nbsp;<\/p>\n\n\n\n<hr\/>\n\n\n\n<p><a href=\"#_ftnref1\">[1]<\/a> Sensar: verbo que no existe en el diccionario y que surge de la fusi\u00f3n de dos acciones: sentir y pensar.<\/p>\n","protected":false},"excerpt":{"rendered":"<p>&nbsp;&nbsp; Hola, para quien no me conozca soy Sundari. En el momento de ponerme a escribir esto (las 12 de la madrugada del reci\u00e9n estrenado 17 de marzo) llevo ya unas 48 horas en shock por c\u00f3mo han evolucionado los acontecimientos. Antes que nada, quiero dejar una cosa clara: por experiencia s\u00e9 que cuanta m\u00e1s [&hellip;]<\/p>\n","protected":false},"author":1,"featured_media":576,"comment_status":"open","ping_status":"open","sticky":false,"template":"","format":"standard","meta":{"footnotes":""},"categories":[1],"tags":[],"_links":{"self":[{"href":"https:\/\/agniyoga.es\/index.php\/wp-json\/wp\/v2\/posts\/536"}],"collection":[{"href":"https:\/\/agniyoga.es\/index.php\/wp-json\/wp\/v2\/posts"}],"about":[{"href":"https:\/\/agniyoga.es\/index.php\/wp-json\/wp\/v2\/types\/post"}],"author":[{"embeddable":true,"href":"https:\/\/agniyoga.es\/index.php\/wp-json\/wp\/v2\/users\/1"}],"replies":[{"embeddable":true,"href":"https:\/\/agniyoga.es\/index.php\/wp-json\/wp\/v2\/comments?post=536"}],"version-history":[{"count":3,"href":"https:\/\/agniyoga.es\/index.php\/wp-json\/wp\/v2\/posts\/536\/revisions"}],"predecessor-version":[{"id":580,"href":"https:\/\/agniyoga.es\/index.php\/wp-json\/wp\/v2\/posts\/536\/revisions\/580"}],"wp:featuredmedia":[{"embeddable":true,"href":"https:\/\/agniyoga.es\/index.php\/wp-json\/wp\/v2\/media\/576"}],"wp:attachment":[{"href":"https:\/\/agniyoga.es\/index.php\/wp-json\/wp\/v2\/media?parent=536"}],"wp:term":[{"taxonomy":"category","embeddable":true,"href":"https:\/\/agniyoga.es\/index.php\/wp-json\/wp\/v2\/categories?post=536"},{"taxonomy":"post_tag","embeddable":true,"href":"https:\/\/agniyoga.es\/index.php\/wp-json\/wp\/v2\/tags?post=536"}],"curies":[{"name":"wp","href":"https:\/\/api.w.org\/{rel}","templated":true}]}}