{"id":554,"date":"2020-08-05T12:36:58","date_gmt":"2020-08-05T10:36:58","guid":{"rendered":"https:\/\/agniyoga.es\/?p=554"},"modified":"2020-08-05T16:58:00","modified_gmt":"2020-08-05T14:58:00","slug":"retrospectiva-articulo-del-22-de-marzo-del-2020","status":"publish","type":"post","link":"https:\/\/agniyoga.es\/index.php\/2020\/08\/05\/retrospectiva-articulo-del-22-de-marzo-del-2020\/","title":{"rendered":"Retrospectiva, art\u00edculo del 22 de marzo del 2020"},"content":{"rendered":"\n<p>&nbsp;&nbsp; Es ahora la m\u00fasica una senda que me lleva al Esp\u00edritu, al interior de mi ser. Aqu\u00ed en este lugar conecto con mis m\u00e1s elevados deseos de Amor y Liberaci\u00f3n, respiro la Firmeza del Padre, la Bondad de la Madre, la Bondad del Padre, la Firmeza de la Madre. Mis ojos se ponen acuosos. Desde mi condici\u00f3n de ser humano, coartada en mis libertades b\u00e1sicas, no comprendo el sentido de este confinamiento, algo en m\u00ed se revela; no obstante, como sucede habitualmente, la introspecci\u00f3n me revela cosas: El ansia de liberaci\u00f3n necesita crecer en nuestro interior, hacerse m\u00e1s consciente. Esta situaci\u00f3n tr\u00e1gica nos invita a indagar el sentido que para cada quien tiene la palabra liberaci\u00f3n. \u00bfDe qu\u00e9 nos queremos liberar?<\/p>\n\n\n\n<p>&nbsp;&nbsp; Aunque s\u00e9 que es una percepci\u00f3n subjetiva, me siento sola, no es algo nuevo, es un sentimiento que aparece con cierta frecuencia. Me siento sola y despojada de la complicidad y del afecto de la compa\u00f1\u00eda. Me siento sola en mi visi\u00f3n, en mi percepci\u00f3n de la realidad. Hay un cierto grado de sufrimiento en esta percepci\u00f3n. Cierro los ojos, me llevo suavemente las manos al Coraz\u00f3n y con un gesto lento de apertura de brazos entrego al Esp\u00edritu mi desasosiego: Toma, te lo entrego, te amo, me quiero rendir, me quiero rendir, t\u00f3mame de la mano y gu\u00edame. Quiero ver esto de otra manera, de forma que no me genere sufrimiento, sino paz y sosiego.<\/p>\n\n\n\n<p>&nbsp;&nbsp; Se dice que se puede ser libre en una c\u00e1rcel \u00bflibre en qu\u00e9 sentido? \u00bflibre hasta qu\u00e9 punto? porque yo me pregunto, si hay sufrimiento \u00bfhay libertad? Lo que s\u00ed puedo afirmar es que vivimos encerrad@s en la prisi\u00f3n de nuestra propia mente. Al fin y al cabo, lo que se plasma en la pantalla de nuestra realidad es fruto directo de nuestra creaci\u00f3n, es el ingenioso y perfecto mecanismo (si es que hubiera palabras para definirlo) que nos permite reconocer lo que hay en nuestro interior que de otra forma no ver\u00edamos. &nbsp;<\/p>\n","protected":false},"excerpt":{"rendered":"<p>&nbsp;&nbsp; Es ahora la m\u00fasica una senda que me lleva al Esp\u00edritu, al interior de mi ser. Aqu\u00ed en este lugar conecto con mis m\u00e1s elevados deseos de Amor y Liberaci\u00f3n, respiro la Firmeza del Padre, la Bondad de la Madre, la Bondad del Padre, la Firmeza de la Madre. Mis ojos se ponen acuosos. [&hellip;]<\/p>\n","protected":false},"author":1,"featured_media":556,"comment_status":"open","ping_status":"open","sticky":false,"template":"","format":"standard","meta":{"footnotes":""},"categories":[1],"tags":[],"_links":{"self":[{"href":"https:\/\/agniyoga.es\/index.php\/wp-json\/wp\/v2\/posts\/554"}],"collection":[{"href":"https:\/\/agniyoga.es\/index.php\/wp-json\/wp\/v2\/posts"}],"about":[{"href":"https:\/\/agniyoga.es\/index.php\/wp-json\/wp\/v2\/types\/post"}],"author":[{"embeddable":true,"href":"https:\/\/agniyoga.es\/index.php\/wp-json\/wp\/v2\/users\/1"}],"replies":[{"embeddable":true,"href":"https:\/\/agniyoga.es\/index.php\/wp-json\/wp\/v2\/comments?post=554"}],"version-history":[{"count":2,"href":"https:\/\/agniyoga.es\/index.php\/wp-json\/wp\/v2\/posts\/554\/revisions"}],"predecessor-version":[{"id":584,"href":"https:\/\/agniyoga.es\/index.php\/wp-json\/wp\/v2\/posts\/554\/revisions\/584"}],"wp:featuredmedia":[{"embeddable":true,"href":"https:\/\/agniyoga.es\/index.php\/wp-json\/wp\/v2\/media\/556"}],"wp:attachment":[{"href":"https:\/\/agniyoga.es\/index.php\/wp-json\/wp\/v2\/media?parent=554"}],"wp:term":[{"taxonomy":"category","embeddable":true,"href":"https:\/\/agniyoga.es\/index.php\/wp-json\/wp\/v2\/categories?post=554"},{"taxonomy":"post_tag","embeddable":true,"href":"https:\/\/agniyoga.es\/index.php\/wp-json\/wp\/v2\/tags?post=554"}],"curies":[{"name":"wp","href":"https:\/\/api.w.org\/{rel}","templated":true}]}}