{"id":562,"date":"2020-08-05T12:48:38","date_gmt":"2020-08-05T10:48:38","guid":{"rendered":"https:\/\/agniyoga.es\/?p=562"},"modified":"2020-08-05T17:01:08","modified_gmt":"2020-08-05T15:01:08","slug":"retrospectiva-articulo-del-1-de-abril-del-2020-en-respuesta-a-un-youtube-ahora-censurado","status":"publish","type":"post","link":"https:\/\/agniyoga.es\/index.php\/2020\/08\/05\/retrospectiva-articulo-del-1-de-abril-del-2020-en-respuesta-a-un-youtube-ahora-censurado\/","title":{"rendered":"Retrospectiva, art\u00edculo del 1 de abril del 2020 en respuesta a un YouTube ahora censurado"},"content":{"rendered":"\n<p>&nbsp;&nbsp; Buenos d\u00edas, ayer noche vi el v\u00eddeo. Victoria, subrayo al 100% tus observaciones. Todo lo que est\u00e1 sucediendo es el desencadenante de una conspiraci\u00f3n planeada cuidadosamente, que para nada es nueva. Un experimento social para medir hasta qu\u00e9 punto somos maleables y el pre\u00e1mbulo del endurecimiento del sistema de control que se ha ido creando silenciosamente, a expensas de la desidia humana. Adem\u00e1s de haberme sorprendido un mont\u00f3n la magnitud de la perversa maniobra, me ha sobrecogido la realidad de una sociedad durmiente. Me parece importante que se pueda hablar de esto y que la gente que a\u00fan no lo hace se empiece a cuestionar la veracidad de lo que cuentan los medios oficiales, pues un diagn\u00f3stico veraz de los hechos nos sit\u00faa, nos permite posicionarnos correctamente y nos prepara para avanzar en un sentido constructivo. Dicho todo lo anterior, se despliegan en mi interior otros aspectos que son en los que me quiero enfocar: Parto de la base de que nada se escapa del Inteligente y Luminoso Plan de la Divina Providencia. Vaya por delante que, desde el punto de vista de la apertura y de la expansi\u00f3n de la consciencia humana, las experiencias que conllevan m\u00e1s dificultad son las que encierran mayor potencial, esto aplica tanto en lo individual como en lo colectivo. Los seres humanos tenemos algo infalible y sublime: nuestra Dimensi\u00f3n Espiritual, la Dimensi\u00f3n del Amor que en estos tiempos que corren nos est\u00e1 invitando a ser reconocida y desplegada. Hay otra cuesti\u00f3n que me llama mucho la atenci\u00f3n y se refiere a la experiencia de que nuestro confinamiento masivo est\u00e1 siendo un b\u00e1lsamo para nuestro amado planeta Tierra. Mucho le debemos, y poco la respetamos y amamos. As\u00ed que esta cuarentena sirva de pleites\u00eda hacia la Tierra, se puede vivir esto con consciencia y rendirnos de esta forma a un Plan Divino, es lugar de sentir que nos sometemos a un plan perverso de los malhechores del mundo. Tan importante como ver la realidad y tener consciencia de la enfermedad sist\u00e9mica que como humanidad padecemos, es no perder de vista el Prop\u00f3sito Superior que nos conduce a todo y a todos los seres humanos. No podemos olvidarnos de que somos creadoras y creadores de nuestra propia realidad y cocreadoras y cocreadores de la realidad colectiva. Esto que est\u00e1 sucediendo es responsabilidad de tod@s y justamente por eso, lo que sucede es una invitaci\u00f3n a revisar en profundidad y con honestidad nuestro propio sistema interno, de qu\u00e9 forma estamos implicad@s, cu\u00e1l es nuestro enfoque y nuestra percepci\u00f3n y de qu\u00e9 forma nos queremos enfocar de ahora en adelante. El tema dar\u00eda mucho para hablar, pero baste de momento esta pincelada para abrir un nuevo debate. Con amor, respeto y gratitud.<\/p>\n","protected":false},"excerpt":{"rendered":"<p>&nbsp;&nbsp; Buenos d\u00edas, ayer noche vi el v\u00eddeo. Victoria, subrayo al 100% tus observaciones. Todo lo que est\u00e1 sucediendo es el desencadenante de una conspiraci\u00f3n planeada cuidadosamente, que para nada es nueva. Un experimento social para medir hasta qu\u00e9 punto somos maleables y el pre\u00e1mbulo del endurecimiento del sistema de control que se ha ido [&hellip;]<\/p>\n","protected":false},"author":1,"featured_media":586,"comment_status":"open","ping_status":"open","sticky":false,"template":"","format":"standard","meta":{"footnotes":""},"categories":[1],"tags":[],"_links":{"self":[{"href":"https:\/\/agniyoga.es\/index.php\/wp-json\/wp\/v2\/posts\/562"}],"collection":[{"href":"https:\/\/agniyoga.es\/index.php\/wp-json\/wp\/v2\/posts"}],"about":[{"href":"https:\/\/agniyoga.es\/index.php\/wp-json\/wp\/v2\/types\/post"}],"author":[{"embeddable":true,"href":"https:\/\/agniyoga.es\/index.php\/wp-json\/wp\/v2\/users\/1"}],"replies":[{"embeddable":true,"href":"https:\/\/agniyoga.es\/index.php\/wp-json\/wp\/v2\/comments?post=562"}],"version-history":[{"count":2,"href":"https:\/\/agniyoga.es\/index.php\/wp-json\/wp\/v2\/posts\/562\/revisions"}],"predecessor-version":[{"id":587,"href":"https:\/\/agniyoga.es\/index.php\/wp-json\/wp\/v2\/posts\/562\/revisions\/587"}],"wp:featuredmedia":[{"embeddable":true,"href":"https:\/\/agniyoga.es\/index.php\/wp-json\/wp\/v2\/media\/586"}],"wp:attachment":[{"href":"https:\/\/agniyoga.es\/index.php\/wp-json\/wp\/v2\/media?parent=562"}],"wp:term":[{"taxonomy":"category","embeddable":true,"href":"https:\/\/agniyoga.es\/index.php\/wp-json\/wp\/v2\/categories?post=562"},{"taxonomy":"post_tag","embeddable":true,"href":"https:\/\/agniyoga.es\/index.php\/wp-json\/wp\/v2\/tags?post=562"}],"curies":[{"name":"wp","href":"https:\/\/api.w.org\/{rel}","templated":true}]}}