{"id":566,"date":"2020-08-05T12:51:38","date_gmt":"2020-08-05T10:51:38","guid":{"rendered":"https:\/\/agniyoga.es\/?p=566"},"modified":"2020-08-05T17:03:12","modified_gmt":"2020-08-05T15:03:12","slug":"retrospectiva-articulo-del-2-de-abril-del-2020","status":"publish","type":"post","link":"https:\/\/agniyoga.es\/index.php\/2020\/08\/05\/retrospectiva-articulo-del-2-de-abril-del-2020\/","title":{"rendered":"Retrospectiva, art\u00edculo del 3 de abril del 2020"},"content":{"rendered":"\n<p>&nbsp;&nbsp; Miro a mi alrededor y lo que veo en la mayor\u00eda de las personas es miedo, mucho miedo. Ya no s\u00f3lo miedo a ser \u201catacad@s\u201d por el virus \u201cmaligno\u201d, a enfermar, a morir, sino tambi\u00e9n miedo al futuro inmediato, miedo a la escasez, a la precariedad econ\u00f3mica, miedo a la situaci\u00f3n social, miedo al miedo, miedo. Sentir miedo no es en s\u00ed mismo malo, el problema es que, talvez cuando tocaba hacerlo, no nos permitimos sentirlo, respirarlo e integrarlo en nuestra consciencia y cuando esto sucede reiteradamente, es mucho m\u00e1s f\u00e1cil que el miedo crezca, se convierta en un monstruo y se apodere completamente de nuestra mente. Esta enorme y colectiva vibraci\u00f3n de miedo, que se cierne sobre la sociedad como la gran sombra que es, es lo que nos hace verdaderamente vulnerables, debilita nuestro sistema inmune y nos predispone a un desequilibrio org\u00e1nico que convierte nuestros sistemas internos f\u00edsico y ps\u00edquico en medios \u00f3ptimos para disfunciones de todo tipo que propician que los pat\u00f3genos proliferen y se desarrollen. Este miedo surge en buena medida del inmenso vac\u00edo que muchas personas tienen de s\u00ed mismas. Una buena parte de la humanidad vive en una desidia que nos aliena, nos sustrae la capacidad natural de discernir y discriminar, nos vuelve manipulables, nos automatiza e insensibiliza, alej\u00e1ndonos cada vez m\u00e1s de la dimensi\u00f3n espiritual de nuestro propio ser. Estamos tan lejos de nosotr@s mism@s, tan vac\u00ed@s de nuestro propio ser, que cedemos nuestra vida pensante y sintiente a un sistema insensible que en el mejor de los casos nos arrastra a una vida insustancial, pudiendo llegar a matarnos, en casos m\u00e1s graves, mediante una \u201cenfermedad\u201d fulminante. Todas las situaciones, m\u00e1xime las m\u00e1s dif\u00edciles, encierran una gran oportunidad. La Vida siempre tiende, en su infinita y magn\u00e1nima bondad, a equilibrar todo lo que la mente humana desequilibra, y los movimientos compensatorios, a veces tan brucos y dolorosos, son directamente proporcionales a nuestra desestructura interna, s\u00f3lo somos v\u00edctimas de nosotr@s mism@s y lo que nos est\u00e1 pidiendo la situaci\u00f3n social que afecta al mundo entero es autoresponsabilidad. Se acerca la hora de la verdad para la humanidad toda, pues el desequilibrio que hemos creado ya no se sostiene m\u00e1s\u2026 No es mi intenci\u00f3n crear m\u00e1s miedo, sino llamar la atenci\u00f3n sobre la necesidad de conectar con la dimensi\u00f3n real de nuestro propio ser, con nuestra Esencia Primera y \u00daltima que es Amor, y que nos permite mirarnos a nosotr@s mism@s con honestidad y sin juicio, para descubrir c\u00f3mo somos y quienes somos verdaderamente. Ese es el primer paso, y al perseverar con honestidad, lo dem\u00e1s se da por a\u00f1adidura. Nos amo.<\/p>\n","protected":false},"excerpt":{"rendered":"<p>&nbsp;&nbsp; Miro a mi alrededor y lo que veo en la mayor\u00eda de las personas es miedo, mucho miedo. Ya no s\u00f3lo miedo a ser \u201catacad@s\u201d por el virus \u201cmaligno\u201d, a enfermar, a morir, sino tambi\u00e9n miedo al futuro inmediato, miedo a la escasez, a la precariedad econ\u00f3mica, miedo a la situaci\u00f3n social, miedo al [&hellip;]<\/p>\n","protected":false},"author":1,"featured_media":589,"comment_status":"open","ping_status":"open","sticky":false,"template":"","format":"standard","meta":{"footnotes":""},"categories":[1],"tags":[],"_links":{"self":[{"href":"https:\/\/agniyoga.es\/index.php\/wp-json\/wp\/v2\/posts\/566"}],"collection":[{"href":"https:\/\/agniyoga.es\/index.php\/wp-json\/wp\/v2\/posts"}],"about":[{"href":"https:\/\/agniyoga.es\/index.php\/wp-json\/wp\/v2\/types\/post"}],"author":[{"embeddable":true,"href":"https:\/\/agniyoga.es\/index.php\/wp-json\/wp\/v2\/users\/1"}],"replies":[{"embeddable":true,"href":"https:\/\/agniyoga.es\/index.php\/wp-json\/wp\/v2\/comments?post=566"}],"version-history":[{"count":2,"href":"https:\/\/agniyoga.es\/index.php\/wp-json\/wp\/v2\/posts\/566\/revisions"}],"predecessor-version":[{"id":570,"href":"https:\/\/agniyoga.es\/index.php\/wp-json\/wp\/v2\/posts\/566\/revisions\/570"}],"wp:featuredmedia":[{"embeddable":true,"href":"https:\/\/agniyoga.es\/index.php\/wp-json\/wp\/v2\/media\/589"}],"wp:attachment":[{"href":"https:\/\/agniyoga.es\/index.php\/wp-json\/wp\/v2\/media?parent=566"}],"wp:term":[{"taxonomy":"category","embeddable":true,"href":"https:\/\/agniyoga.es\/index.php\/wp-json\/wp\/v2\/categories?post=566"},{"taxonomy":"post_tag","embeddable":true,"href":"https:\/\/agniyoga.es\/index.php\/wp-json\/wp\/v2\/tags?post=566"}],"curies":[{"name":"wp","href":"https:\/\/api.w.org\/{rel}","templated":true}]}}