{"id":603,"date":"2020-08-05T17:17:14","date_gmt":"2020-08-05T15:17:14","guid":{"rendered":"https:\/\/agniyoga.es\/?p=603"},"modified":"2020-08-05T17:17:46","modified_gmt":"2020-08-05T15:17:46","slug":"retrospectiva-articulo-del-12-de-abril-del-2020","status":"publish","type":"post","link":"https:\/\/agniyoga.es\/index.php\/2020\/08\/05\/retrospectiva-articulo-del-12-de-abril-del-2020\/","title":{"rendered":"Retrospectiva, art\u00edculo del 12 de abril del 2020"},"content":{"rendered":"\n<p>&nbsp;&nbsp; No dejo de salir del asombro de lo que est\u00e1 pasando, no s\u00f3lo me asombra la gravedad de la situaci\u00f3n a la que nos han sometido, sino tambi\u00e9n, y m\u00e1s a\u00fan si cabe, la credulidad de la mayor\u00eda de la gente, que se ha tragado el pretexto de la pandemia mediante el cual han conseguido mantener a una gran parte del mundo en arresto domiciliario, bajo amenaza de multas desorbitadas y mediante un orden de car\u00e1cter militar, priv\u00e1ndonos de nuestras libertades m\u00e1s b\u00e1sicas. Jugada perversa con la que los gobiernos van a conseguir unos cuantos objetivos ocultos y mal\u00e9ficos, entre los que se encuentran la destrucci\u00f3n de las peque\u00f1as econom\u00edas, la eugenesia, la implantaci\u00f3n de la peligrosa tecnolog\u00eda 5G, el endurecimiento de las leyes y de las normas, y recortes severos de las libertades. Todo ello bajo el pretexto de que dichas medidas dr\u00e1sticas y absolutamente injustificadas las est\u00e1n tomando por nuestro bien y como medio de protecci\u00f3n a la ciudadan\u00eda frente a la pretendida pandemia del famoso virus. &nbsp;<\/p>\n\n\n\n<p>&nbsp;&nbsp; Sin poder dejar de ver esta enorme farsa de la que la humanidad est\u00e1 siendo v\u00edctima, me sobrecoge una emoci\u00f3n que no puedo definir. Mi coraz\u00f3n se llena de paz y compasi\u00f3n, a la vez que mis sentidos permanecen alerta. Es importante poder mirar de frente la realidad, pues aquello que no se revela a la consciencia act\u00faa en la sombra y no deja de crecer para emerger como un gran monstruo en alg\u00fan momento, tal como est\u00e1 sucediendo ahora con esta situaci\u00f3n que es, sin punto de comparaci\u00f3n, la de mayor magnitud y gravedad que yo haya podido atestiguar y vivir en primera persona a lo largo de mi vida. En t\u00e9rminos comparativos, veo muy poca gente que tenga consciencia del vasto alcance de esta conspiraci\u00f3n, as\u00ed como de que la corrupci\u00f3n humana se extiende y penetra por doquier a tant\u00edsimas \u00e1reas de la vida, al punto que la mente humana corriente no lo puede sospechar siquiera. Sin embargo, y a pesar de todo, nadie puede decir que no tiene responsabilidad en todo ello, pues la pantalla de lo que llamamos realidad refleja fielmente aquello que est\u00e1 en nuestra conciencia, m\u00e1s concretamente en nuestro subconsciente. As\u00ed que el desprop\u00f3sito may\u00fasculo de la realidad colectiva que estamos viviendo est\u00e1 en realidad reflejando el may\u00fasculo desprop\u00f3sito de nuestras vidas personales, el may\u00fasculo desprop\u00f3sito de las vidas de la mayor\u00eda, ll\u00e1mese vida inconsciente y alienada, ll\u00e1mese ego\u00edsmo, ll\u00e1mese desidia, o d\u00edgase que no hay persona m\u00e1s ciega que aquella que no quiere ver. Cada quien busque sus calificativos.<\/p>\n\n\n\n<p>&nbsp;&nbsp; No obstante, repito lo que ya he dicho en otras ocasiones: todo, incluso esta situaci\u00f3n esperp\u00e9ntica, este enorme y aparente sinsentido y desprop\u00f3sito, tiene un Prop\u00f3sito Superior oculto. Vivimos en una sociedad dormida, la mayor\u00eda de nosotr@s no conocemos siquiera lo que tenemos m\u00e1s cerca, que es nuestra propia realidad interna, no sabemos qui\u00e9nes somos, lo que sentimos ni que queremos en realidad y necesitamos que nos sacudan muy fuerte para que empecemos a despertar. Es posible que la cosa se agrave m\u00e1s, sospecho que es lo previsible. &nbsp;&nbsp; La buena noticia es que la realidad cu\u00e1ntica es un hecho, as\u00ed como es un hecho que somos creadoras y creadores de la realidad. Esto significa que, si podemos hacer un profundo ejercicio de revisi\u00f3n, con honestidad pero sin juicio, un profundo acto de responsabilidad y nos empezamos a enfocar en la Verdadera Naturaleza de nuestro Ser que es Amor, nuestras realidades empezar\u00e1n a cambiar, se armonizar\u00e1n. La realidad \u00faltima es la Unidad del ser con el Ser. La Unidad y el entrelazamiento de los corazones humanos en un \u00danico, Palpitante y Vibrante Coraz\u00f3n. Nos amo.<\/p>\n","protected":false},"excerpt":{"rendered":"<p>&nbsp;&nbsp; No dejo de salir del asombro de lo que est\u00e1 pasando, no s\u00f3lo me asombra la gravedad de la situaci\u00f3n a la que nos han sometido, sino tambi\u00e9n, y m\u00e1s a\u00fan si cabe, la credulidad de la mayor\u00eda de la gente, que se ha tragado el pretexto de la pandemia mediante el cual han [&hellip;]<\/p>\n","protected":false},"author":1,"featured_media":600,"comment_status":"open","ping_status":"open","sticky":false,"template":"","format":"standard","meta":{"footnotes":""},"categories":[1],"tags":[],"_links":{"self":[{"href":"https:\/\/agniyoga.es\/index.php\/wp-json\/wp\/v2\/posts\/603"}],"collection":[{"href":"https:\/\/agniyoga.es\/index.php\/wp-json\/wp\/v2\/posts"}],"about":[{"href":"https:\/\/agniyoga.es\/index.php\/wp-json\/wp\/v2\/types\/post"}],"author":[{"embeddable":true,"href":"https:\/\/agniyoga.es\/index.php\/wp-json\/wp\/v2\/users\/1"}],"replies":[{"embeddable":true,"href":"https:\/\/agniyoga.es\/index.php\/wp-json\/wp\/v2\/comments?post=603"}],"version-history":[{"count":2,"href":"https:\/\/agniyoga.es\/index.php\/wp-json\/wp\/v2\/posts\/603\/revisions"}],"predecessor-version":[{"id":605,"href":"https:\/\/agniyoga.es\/index.php\/wp-json\/wp\/v2\/posts\/603\/revisions\/605"}],"wp:featuredmedia":[{"embeddable":true,"href":"https:\/\/agniyoga.es\/index.php\/wp-json\/wp\/v2\/media\/600"}],"wp:attachment":[{"href":"https:\/\/agniyoga.es\/index.php\/wp-json\/wp\/v2\/media?parent=603"}],"wp:term":[{"taxonomy":"category","embeddable":true,"href":"https:\/\/agniyoga.es\/index.php\/wp-json\/wp\/v2\/categories?post=603"},{"taxonomy":"post_tag","embeddable":true,"href":"https:\/\/agniyoga.es\/index.php\/wp-json\/wp\/v2\/tags?post=603"}],"curies":[{"name":"wp","href":"https:\/\/api.w.org\/{rel}","templated":true}]}}