{"id":611,"date":"2020-08-05T17:21:49","date_gmt":"2020-08-05T15:21:49","guid":{"rendered":"https:\/\/agniyoga.es\/?p=611"},"modified":"2020-08-05T17:22:56","modified_gmt":"2020-08-05T15:22:56","slug":"retrospectiva-articulo-del-22-de-abril-del-2020","status":"publish","type":"post","link":"https:\/\/agniyoga.es\/index.php\/2020\/08\/05\/retrospectiva-articulo-del-22-de-abril-del-2020\/","title":{"rendered":"Retrospectiva, art\u00edculo del 22 de abril del 2020"},"content":{"rendered":"\n<p>&nbsp;&nbsp; Las personas despiertas, capaces de ver m\u00e1s all\u00e1 de las apariencias, no somos en n\u00famero la mayor\u00eda, ni mucho menos. Pero s\u00e9, y es cierto, que mediante nuestro compromiso y nuestra coherencia podemos convertirnos en faros para que cada vez m\u00e1s personas vean en la oscuridad, despierten y empiecen a salir de la densidad de la m\u00e1trix. No hay ning\u00fan tipo de prepotencia en lo que digo, sino todo lo contrario. Como muchas otras personas en este mundo, tengo vocaci\u00f3n de servicio. Esto no es algo raro ni tiene que ver necesariamente con la religi\u00f3n, es un hecho natural que los seres humanos queramos ofrecer apoyo a nuestro pr\u00f3jimo y aportar nuestro granito de arena en los procesos de otras personas. Es un hecho natural el deseo de paliar el sufrimiento humano, lo contrario es lo que no es natural.<\/p>\n\n\n\n<p>&nbsp;&nbsp; Retomando el hilo: si bien es necesario, imprescindible, dir\u00eda yo, poder mirar la realidad de frente, sin m\u00e1s enga\u00f1os y tapujos y contribuir a que otras personas puedan hacerlo, es muy necesario tambi\u00e9n conectarse con la idea de Prop\u00f3sito. Es tambi\u00e9n imprescindible sostener la idea de Prop\u00f3sito en nuestros corazones y alimentar cada d\u00eda la certeza de ese Prop\u00f3sito Superior, que tiene todo que ver con el despertar de la consciencia colectiva. Afirmo reiteradamente que hay mucha oportunidad en el Campo y no me estoy refiriendo al campo rural (qu\u00e9 tambi\u00e9n encierra oportunidad, por cierto). Cuanto m\u00e1s dif\u00edcil es la prueba m\u00e1s oportunidad encierra. El arresto domiciliario que estamos sufriendo se est\u00e1 convirtiendo en un enorme impulso de despertar. La Vida nos est\u00e1 concediendo un tiempo valios\u00edsimo para mirarnos y encontrarnos a nosotr@s mism@s, sin juicio, para que, con amor, podamos integrar en nuestra consciencia todo aquello que somos y sentimos. Otra cosa maravillosa que est\u00e1 sucediendo es que nuestra retirada masiva ha dejado espacio a la Naturaleza. La Naturaleza se est\u00e1 expresando de forma an\u00e1loga a como se expresan los corazones de muchas personas que palpitan en un anhelo creciente de Luz y Liberaci\u00f3n. Me conecto, por no decir que me mantengo conectada, a la parte m\u00e1s elevada de m\u00ed misma que es com\u00fan a todos los seres humanos. Respiro esa conexi\u00f3n de forma consciente muchas veces al d\u00eda. Hace much\u00edsimo bien hacer eso, por no decir que marca la diferencia. Sin esa consciencia de Amor a la que tod@s nos podemos remitir porque es nuestra verdadera Naturaleza, no habr\u00eda salida, lo s\u00e9 a ciencia cierta. Es una elecci\u00f3n individual comprometerse con esto. Pero ya no va a valer un compromiso temporal, quiero decir, ya no va servir utilizar esa referencia en el Amor como un salvavidas para salir de este trance que luego vayamos a poder soltar. No. Rotundamente no. No hay vuelta atr\u00e1s. Se nos est\u00e1 ofreciendo claramente la oportunidad de dar un salto cu\u00e1ntico: y la puerta para ello es el Coraz\u00f3n, la sede del Amor y de la Consciencia de Unidad. O elegimos con consciencia dar el salto, o elegimos sin ella quedarnos atrapad@s en la matrix, que se hunde, se hunde y arrastra de forma sufriente a quienes se resisten al Amor. Os deseo de todo Coraz\u00f3n lo mejor. Que la Luz, el Amor y la imparable inercia del Despertar de la humanidad, llene nuestras consciencias y nuestros corazones. Invoco con Amor y humildad las Fuerzas Universales y Protectoras, tod@s a una vamos a crear una nueva Realidad, af\u00edn y reflejo de la Verdad Universal: El Amor. Nos amo.<\/p>\n","protected":false},"excerpt":{"rendered":"<p>&nbsp;&nbsp; Las personas despiertas, capaces de ver m\u00e1s all\u00e1 de las apariencias, no somos en n\u00famero la mayor\u00eda, ni mucho menos. Pero s\u00e9, y es cierto, que mediante nuestro compromiso y nuestra coherencia podemos convertirnos en faros para que cada vez m\u00e1s personas vean en la oscuridad, despierten y empiecen a salir de la densidad [&hellip;]<\/p>\n","protected":false},"author":1,"featured_media":613,"comment_status":"open","ping_status":"open","sticky":false,"template":"","format":"standard","meta":{"footnotes":""},"categories":[1],"tags":[],"_links":{"self":[{"href":"https:\/\/agniyoga.es\/index.php\/wp-json\/wp\/v2\/posts\/611"}],"collection":[{"href":"https:\/\/agniyoga.es\/index.php\/wp-json\/wp\/v2\/posts"}],"about":[{"href":"https:\/\/agniyoga.es\/index.php\/wp-json\/wp\/v2\/types\/post"}],"author":[{"embeddable":true,"href":"https:\/\/agniyoga.es\/index.php\/wp-json\/wp\/v2\/users\/1"}],"replies":[{"embeddable":true,"href":"https:\/\/agniyoga.es\/index.php\/wp-json\/wp\/v2\/comments?post=611"}],"version-history":[{"count":2,"href":"https:\/\/agniyoga.es\/index.php\/wp-json\/wp\/v2\/posts\/611\/revisions"}],"predecessor-version":[{"id":614,"href":"https:\/\/agniyoga.es\/index.php\/wp-json\/wp\/v2\/posts\/611\/revisions\/614"}],"wp:featuredmedia":[{"embeddable":true,"href":"https:\/\/agniyoga.es\/index.php\/wp-json\/wp\/v2\/media\/613"}],"wp:attachment":[{"href":"https:\/\/agniyoga.es\/index.php\/wp-json\/wp\/v2\/media?parent=611"}],"wp:term":[{"taxonomy":"category","embeddable":true,"href":"https:\/\/agniyoga.es\/index.php\/wp-json\/wp\/v2\/categories?post=611"},{"taxonomy":"post_tag","embeddable":true,"href":"https:\/\/agniyoga.es\/index.php\/wp-json\/wp\/v2\/tags?post=611"}],"curies":[{"name":"wp","href":"https:\/\/api.w.org\/{rel}","templated":true}]}}