{"id":615,"date":"2020-08-05T17:24:54","date_gmt":"2020-08-05T15:24:54","guid":{"rendered":"https:\/\/agniyoga.es\/?p=615"},"modified":"2020-08-05T17:27:02","modified_gmt":"2020-08-05T15:27:02","slug":"retrospectiva-breve-escrito-poetico-del-22-de-abril-del-2020","status":"publish","type":"post","link":"https:\/\/agniyoga.es\/index.php\/2020\/08\/05\/retrospectiva-breve-escrito-poetico-del-22-de-abril-del-2020\/","title":{"rendered":"Retrospectiva, breve escrito po\u00e9tico del 22 de abril del 2020"},"content":{"rendered":"\n<p>&nbsp;&nbsp; En estos d\u00edas grises plomizos, la lluvia est\u00e1 regando nuestra cris\u00e1lida. Cada quien, en la protecci\u00f3n de su propio interior, est\u00e1 protagonizando una transformaci\u00f3n. El Sol de un nuevo d\u00eda despuntar\u00e1 cuando haya ca\u00eddo suficiente lluvia. Protagonicemos este nuevo amanecer c\u00f3smico. \u00a1Que la seda de nuestra cris\u00e1lida sirva para tejer la Nueva Consciencia!<\/p>\n","protected":false},"excerpt":{"rendered":"<p>&nbsp;&nbsp; En estos d\u00edas grises plomizos, la lluvia est\u00e1 regando nuestra cris\u00e1lida. Cada quien, en la protecci\u00f3n de su propio interior, est\u00e1 protagonizando una transformaci\u00f3n. El Sol de un nuevo d\u00eda despuntar\u00e1 cuando haya ca\u00eddo suficiente lluvia. Protagonicemos este nuevo amanecer c\u00f3smico. \u00a1Que la seda de nuestra cris\u00e1lida sirva para tejer la Nueva Consciencia!<\/p>\n","protected":false},"author":1,"featured_media":617,"comment_status":"open","ping_status":"open","sticky":false,"template":"","format":"standard","meta":{"footnotes":""},"categories":[1],"tags":[],"_links":{"self":[{"href":"https:\/\/agniyoga.es\/index.php\/wp-json\/wp\/v2\/posts\/615"}],"collection":[{"href":"https:\/\/agniyoga.es\/index.php\/wp-json\/wp\/v2\/posts"}],"about":[{"href":"https:\/\/agniyoga.es\/index.php\/wp-json\/wp\/v2\/types\/post"}],"author":[{"embeddable":true,"href":"https:\/\/agniyoga.es\/index.php\/wp-json\/wp\/v2\/users\/1"}],"replies":[{"embeddable":true,"href":"https:\/\/agniyoga.es\/index.php\/wp-json\/wp\/v2\/comments?post=615"}],"version-history":[{"count":3,"href":"https:\/\/agniyoga.es\/index.php\/wp-json\/wp\/v2\/posts\/615\/revisions"}],"predecessor-version":[{"id":619,"href":"https:\/\/agniyoga.es\/index.php\/wp-json\/wp\/v2\/posts\/615\/revisions\/619"}],"wp:featuredmedia":[{"embeddable":true,"href":"https:\/\/agniyoga.es\/index.php\/wp-json\/wp\/v2\/media\/617"}],"wp:attachment":[{"href":"https:\/\/agniyoga.es\/index.php\/wp-json\/wp\/v2\/media?parent=615"}],"wp:term":[{"taxonomy":"category","embeddable":true,"href":"https:\/\/agniyoga.es\/index.php\/wp-json\/wp\/v2\/categories?post=615"},{"taxonomy":"post_tag","embeddable":true,"href":"https:\/\/agniyoga.es\/index.php\/wp-json\/wp\/v2\/tags?post=615"}],"curies":[{"name":"wp","href":"https:\/\/api.w.org\/{rel}","templated":true}]}}