{"id":624,"date":"2020-08-05T17:32:26","date_gmt":"2020-08-05T15:32:26","guid":{"rendered":"https:\/\/agniyoga.es\/?p=624"},"modified":"2020-08-05T17:33:36","modified_gmt":"2020-08-05T15:33:36","slug":"retrospectiva-articulo-del-30-de-abril-del-2020","status":"publish","type":"post","link":"https:\/\/agniyoga.es\/index.php\/2020\/08\/05\/retrospectiva-articulo-del-30-de-abril-del-2020\/","title":{"rendered":"Retrospectiva, art\u00edculo del 30 de abril del 2020"},"content":{"rendered":"\n<p>&nbsp;&nbsp; En el momento de empezar a escribir son las ocho y cincuenta y ocho de la ma\u00f1ana del d\u00eda 30 de abril. Buenos d\u00edas, buenos, buen\u00edsimos d\u00edas. Me sorprende ver que hace m\u00e1s de un mes desde el \u00faltimo d\u00eda que escrib\u00ed en mi Word. No me lo puedo creer, un mes que me ha pasado en un suspiro, si hubiera tenido que adivinar cu\u00e1ntos d\u00edas hace que no escribo aqu\u00ed, hubiera dicho, a lo sumo \u00a1\u00a1\u00a1una semana!!!<\/p>\n\n\n\n<p>&nbsp;&nbsp; La cuesti\u00f3n es que en verdad estoy ocupada, muy ocupada. Ocupada viviendo, siendo, disfrutando, amando, sintiendo, pensando, haciendo; ocupada observando, procesando, conectando. Ocupada abrazando todo lo que puedo, sobre todo en el sentido figurado pero no menos real, dado que poca gente hay ahora que no rechace los abrazos (me r\u00edo sola). Abrazando y abraz\u00e1ndome. S\u00ed, sigo en la pr\u00e1ctica del autoabrazo. Con esto quiero decir que sigo practicando la autoinclusi\u00f3n de todo lo que mi yo humano siente, expresa o calla, hace, piensa, etc. sobre todo aquello que desde el punto de vista del juicio ser\u00eda desechable. Esto me habilita de verdad para poder abrazar a mi pr\u00f3jimo, enti\u00e9ndase: para poder aceptar lo que veo fuera. Esta es una de las poderosas claves que los seres humanos tenemos que implementar si realmente nos queremos reinventar y liberar del yugo de la tiran\u00eda.<\/p>\n\n\n\n<p>&nbsp;&nbsp; Tenemos trabajo, much\u00edsimo trabajo, ahora explicar\u00e9 a qu\u00e9 tipo de trabajo me refiero. Afortunadamente, hace much\u00edsimos a\u00f1os que empec\u00e9 a practicar el primer y m\u00e1s importante ejercicio que el ser humano necesita hacer para liberarse del yugo de la tiran\u00eda, esa tiran\u00eda que tiene muchas, much\u00edsimas caras, y muchas de ellas se expresan a trav\u00e9s de nuestros propios personajes, de nuestras personalidades. Ese primer ejercicio, que se tiene que convertir en un h\u00e1bito, se llama autoindagaci\u00f3n consciente. Despu\u00e9s de la autoindagaci\u00f3n viene la autoinclusi\u00f3n, aunque en realidad el orden de los factores no altera el producto. Digo esto \u00faltimo porque no se puede abrazar o incluir aquello que no se ve, y no podemos realmente mirar y ver si no nos predisponemos a abrazar, a incluir, aquello que percibimos. No s\u00e9 si me estoy explicando lo suficiente, porque para m\u00ed es algo tan obvio que doy por hecho que es perfectamente comprensible.<\/p>\n\n\n\n<p>&nbsp;&nbsp; Tengo hoy una larga lista de puntos que me gustar\u00eda expresar. Talvez estos d\u00edas de \u201csilencio dentro de la cris\u00e1lida\u201d haya sido verdaderamente productivo para mi propia consciencia humana y ahora empiezo a vislumbrar una maravillosa mariposa de luz y color, de tanta belleza y sutilidad que casi no hay palabras para describirla.<\/p>\n\n\n\n<p>&nbsp;&nbsp; He visto esta ma\u00f1ana un v\u00eddeo de una mujer a la que no conoc\u00eda hasta ahora: Claudia Gonz\u00e1lez de Vicenzo, en el que hace una exposici\u00f3n magistral, de las m\u00e1s l\u00facidas que he visto hasta ahora, sobre el panorama mundial actual. El v\u00eddeo se titula \u00bfPor qu\u00e9 me quieren poner la Vacuna? Casi al final del v\u00eddeo, ella dice: tenemos que movernos al siguiente nivel porque en este nivel la lucha est\u00e1 perdida. Destaco esta afirmaci\u00f3n porque hace ya mucho tiempo que tengo consciencia de esta verdad, pero me doy cuenta que, por el momento, sigue pasando muy desapercibida para la mayor\u00eda. Pero \u00bfqu\u00e9 significa moverse al siguiente nivel?<\/p>\n\n\n\n<p>&nbsp;&nbsp; Estoy muy comprometida con el objetivo personal de ver la sombra colectiva del mundo en el que vivimos. Al igual que es imprescindible ver la propia sombra para abrazarla e integrarla en la consciencia, es imprescindible ver la sombra colectiva. Estoy haciendo un riguroso trabajo de investigaci\u00f3n (hasta donde yo llego). Lo que voy descubriendo no es apto para d\u00e9biles, vaya por delante, lo que hay detr\u00e1s de lo que se ha dado en llamar El Cabal, es de tal escabrosidad y perversi\u00f3n que supera toda ficci\u00f3n. Hay momentos en los que la magnitud de la perversidad de lo que estoy descubriendo me obliga a un estado de introspecci\u00f3n y aislamiento, me recojo y velo por mi propia estabilidad. Estoy igualmente muy comprometida a seguir sintonizada con el aspecto m\u00e1s elevado de mi ser, Aspecto com\u00fan a todos los seres. Dispuesta a posibilitar en mi persona, lo que Claudia Gonz\u00e1lez de Vicenzo llama \u00abpasar a otro nivel\u00bb, lo que yo describo como protagonizar en primera persona un salto cu\u00e1ntico que le permita a nuestra consciencia ir m\u00e1s all\u00e1 de la 4\u00aa dimensi\u00f3n y escoger otra l\u00ednea temporal sin distorsi\u00f3n, la Realidad regida por el verdadero aspecto del Ser: Luz Amor. En mis devaneos an\u00edmicos (inevitables en este ejercicio de querer ver la oscuridad) me ocupo muy cuidadosamente de referenciarme o anclarme en El Aspecto Luminoso de mi Ser, entreg\u00e1ndole y deriv\u00e1ndole al Esp\u00edritu Santo todo lo que voy descubriendo y sintiendo, y volviendo una y otra vez a esa conexi\u00f3n que me mantiene protegida.<\/p>\n\n\n\n<p>&nbsp;&nbsp; Hay muchas cosas que quiero explicar, pero necesito mi tiempo, lo har\u00e9 poco a poco y en la medida de mis posibilidades. Por el momento, abrazos desde el Coraz\u00f3n.<\/p>\n","protected":false},"excerpt":{"rendered":"<p>&nbsp;&nbsp; En el momento de empezar a escribir son las ocho y cincuenta y ocho de la ma\u00f1ana del d\u00eda 30 de abril. Buenos d\u00edas, buenos, buen\u00edsimos d\u00edas. Me sorprende ver que hace m\u00e1s de un mes desde el \u00faltimo d\u00eda que escrib\u00ed en mi Word. No me lo puedo creer, un mes que me [&hellip;]<\/p>\n","protected":false},"author":1,"featured_media":626,"comment_status":"open","ping_status":"open","sticky":false,"template":"","format":"standard","meta":{"footnotes":""},"categories":[1],"tags":[],"_links":{"self":[{"href":"https:\/\/agniyoga.es\/index.php\/wp-json\/wp\/v2\/posts\/624"}],"collection":[{"href":"https:\/\/agniyoga.es\/index.php\/wp-json\/wp\/v2\/posts"}],"about":[{"href":"https:\/\/agniyoga.es\/index.php\/wp-json\/wp\/v2\/types\/post"}],"author":[{"embeddable":true,"href":"https:\/\/agniyoga.es\/index.php\/wp-json\/wp\/v2\/users\/1"}],"replies":[{"embeddable":true,"href":"https:\/\/agniyoga.es\/index.php\/wp-json\/wp\/v2\/comments?post=624"}],"version-history":[{"count":2,"href":"https:\/\/agniyoga.es\/index.php\/wp-json\/wp\/v2\/posts\/624\/revisions"}],"predecessor-version":[{"id":627,"href":"https:\/\/agniyoga.es\/index.php\/wp-json\/wp\/v2\/posts\/624\/revisions\/627"}],"wp:featuredmedia":[{"embeddable":true,"href":"https:\/\/agniyoga.es\/index.php\/wp-json\/wp\/v2\/media\/626"}],"wp:attachment":[{"href":"https:\/\/agniyoga.es\/index.php\/wp-json\/wp\/v2\/media?parent=624"}],"wp:term":[{"taxonomy":"category","embeddable":true,"href":"https:\/\/agniyoga.es\/index.php\/wp-json\/wp\/v2\/categories?post=624"},{"taxonomy":"post_tag","embeddable":true,"href":"https:\/\/agniyoga.es\/index.php\/wp-json\/wp\/v2\/tags?post=624"}],"curies":[{"name":"wp","href":"https:\/\/api.w.org\/{rel}","templated":true}]}}