{"id":633,"date":"2020-08-05T17:38:03","date_gmt":"2020-08-05T15:38:03","guid":{"rendered":"https:\/\/agniyoga.es\/?p=633"},"modified":"2020-08-06T10:42:09","modified_gmt":"2020-08-06T08:42:09","slug":"retrospectiva-pequeno-escrito-del-3-de-mayo-del-2020","status":"publish","type":"post","link":"https:\/\/agniyoga.es\/index.php\/2020\/08\/05\/retrospectiva-pequeno-escrito-del-3-de-mayo-del-2020\/","title":{"rendered":"Retrospectiva, peque\u00f1o escrito del 3 de mayo del 2020"},"content":{"rendered":"\n<p>&nbsp;&nbsp; \u00a1Buenos d\u00edas, d\u00eda! La vida florece en mi interior cada d\u00eda, a cada momento. La vida florece en mi consciencia y mi consciencia se expande con la vida. Soy una antena de Amor y un faro de Luz. Respiro la alegr\u00eda de estar viva y consciente. Celebro mi elecci\u00f3n de Vida. De todo Coraz\u00f3n, env\u00edo una oraci\u00f3n silenciosa de Amor Reconocimiento por todos los seres que sufren. En el silencio percibo un espacio infinito de Paz en el que os abrazo, a tod@s por igual. Humilde, pero soberanamente, soy un instrumento de la Paz del Esp\u00edritu. En el Amor estamos protegid@s. Ninguna amenaza me perturba. Mi alegr\u00eda se desborda del confinamiento de mi propio cuerpo material y brota por mis ojos, que cada d\u00eda perciben con mayor claridad. Soy una expresi\u00f3n viva de la libertad del Esp\u00edritu.<\/p>\n","protected":false},"excerpt":{"rendered":"<p>&nbsp;&nbsp; \u00a1Buenos d\u00edas, d\u00eda! La vida florece en mi interior cada d\u00eda, a cada momento. La vida florece en mi consciencia y mi consciencia se expande con la vida. Soy una antena de Amor y un faro de Luz. Respiro la alegr\u00eda de estar viva y consciente. Celebro mi elecci\u00f3n de Vida. De todo Coraz\u00f3n, [&hellip;]<\/p>\n","protected":false},"author":1,"featured_media":635,"comment_status":"open","ping_status":"open","sticky":false,"template":"","format":"standard","meta":{"footnotes":""},"categories":[1],"tags":[],"_links":{"self":[{"href":"https:\/\/agniyoga.es\/index.php\/wp-json\/wp\/v2\/posts\/633"}],"collection":[{"href":"https:\/\/agniyoga.es\/index.php\/wp-json\/wp\/v2\/posts"}],"about":[{"href":"https:\/\/agniyoga.es\/index.php\/wp-json\/wp\/v2\/types\/post"}],"author":[{"embeddable":true,"href":"https:\/\/agniyoga.es\/index.php\/wp-json\/wp\/v2\/users\/1"}],"replies":[{"embeddable":true,"href":"https:\/\/agniyoga.es\/index.php\/wp-json\/wp\/v2\/comments?post=633"}],"version-history":[{"count":3,"href":"https:\/\/agniyoga.es\/index.php\/wp-json\/wp\/v2\/posts\/633\/revisions"}],"predecessor-version":[{"id":641,"href":"https:\/\/agniyoga.es\/index.php\/wp-json\/wp\/v2\/posts\/633\/revisions\/641"}],"wp:featuredmedia":[{"embeddable":true,"href":"https:\/\/agniyoga.es\/index.php\/wp-json\/wp\/v2\/media\/635"}],"wp:attachment":[{"href":"https:\/\/agniyoga.es\/index.php\/wp-json\/wp\/v2\/media?parent=633"}],"wp:term":[{"taxonomy":"category","embeddable":true,"href":"https:\/\/agniyoga.es\/index.php\/wp-json\/wp\/v2\/categories?post=633"},{"taxonomy":"post_tag","embeddable":true,"href":"https:\/\/agniyoga.es\/index.php\/wp-json\/wp\/v2\/tags?post=633"}],"curies":[{"name":"wp","href":"https:\/\/api.w.org\/{rel}","templated":true}]}}