{"id":733,"date":"2020-08-11T10:00:47","date_gmt":"2020-08-11T08:00:47","guid":{"rendered":"https:\/\/agniyoga.es\/?p=733"},"modified":"2020-08-11T10:00:47","modified_gmt":"2020-08-11T08:00:47","slug":"comentario-del-9-de-agosto-al-siguiente-video-de-youtube","status":"publish","type":"post","link":"https:\/\/agniyoga.es\/index.php\/2020\/08\/11\/comentario-del-9-de-agosto-al-siguiente-video-de-youtube\/","title":{"rendered":"Comentario del 9 de agosto al siguiente v\u00eddeo de YouTube:"},"content":{"rendered":"\n<figure class=\"wp-block-embed-youtube wp-block-embed is-type-video is-provider-youtube wp-embed-aspect-16-9 wp-has-aspect-ratio\"><div class=\"wp-block-embed__wrapper\">\n<iframe loading=\"lazy\" title=\"VACUNA GEN\u00c9TICA OBLIGATORIA PARA TODOS EN EUROPA.... EN BREVE!!!!\" width=\"800\" height=\"450\" src=\"https:\/\/www.youtube.com\/embed\/Hx9TpRnQpuA?feature=oembed\" frameborder=\"0\" allow=\"accelerometer; autoplay; encrypted-media; gyroscope; picture-in-picture\" allowfullscreen><\/iframe>\n<\/div><\/figure>\n\n\n\n<p><\/p>\n\n\n\n<p>   <\/p>\n\n\n\n<p>&nbsp;&nbsp; \u00a1Buenos d\u00edas! Voy siguiendo muy de cerca la labor de Lu\u00eds de Miguel Ortega y vaya por delante mi gratitud y reconocimiento por su intensa y desinteresada entrega. Yo desde mi humilde posici\u00f3n hago toda la difusi\u00f3n que puedo, adem\u00e1s de descargar algunos v\u00eddeos de inter\u00e9s susceptibles de ser censurados, por si en alg\u00fan momento pudieran ser de utilidad. Lo que quiero destacar aqu\u00ed es que me sorprende sobremanera que la desidia que nos ha llevado a esta situaci\u00f3n social lamentable, sigue siendo la protagonista number one en nuestra sociedad. Mientras la mayor\u00eda de las personas miran para otro lado, los planes conspiratorios avanzan en el sentido de sustraernos completamente las libertades, los derechos, la salud e incluso la vida. Esto va muy en serio, pero la gente no lo quiere ver, prefieren permanecer en su falsa zona de confort, que cada vez ser\u00e1 m\u00e1s estrecha, inc\u00f3moda y asfixiante. No me gusta el alarmismo injustificado, pero a veces, las alarmas nos advierten del peligro. Un\u00e1monos, cuanto menos para difundir y vayamos despertando.<\/p>\n\n\n\n<p>&nbsp;&nbsp; Yo me pregunto \u00bfd\u00f3nde est\u00e1n las personas l\u00facidas, integras y valientes, l@s profesionales, t\u00e9cnic@s y expert@s de todos los \u00e1mbitos, en especial l@s del \u00e1mbito de la justicia, con preparaci\u00f3n suficiente como para posicionarse y actuar? Me consta que el aparato de la justicia espa\u00f1ola es b\u00e1sicamente corrupto, pero me niego a creer que no queden personas \u00edntegras o lo suficientemente l\u00facidas como para reaccionar. Nos lo estamos jugando todo y cuando digo todo, quiero decir todo. &nbsp;<\/p>\n\n\n\n<p><\/p>\n","protected":false},"excerpt":{"rendered":"<p>&nbsp;&nbsp; \u00a1Buenos d\u00edas! Voy siguiendo muy de cerca la labor de Lu\u00eds de Miguel Ortega y vaya por delante mi gratitud y reconocimiento por su intensa y desinteresada entrega. Yo desde mi humilde posici\u00f3n hago toda la difusi\u00f3n que puedo, adem\u00e1s de descargar algunos v\u00eddeos de inter\u00e9s susceptibles de ser censurados, por si en alg\u00fan [&hellip;]<\/p>\n","protected":false},"author":1,"featured_media":0,"comment_status":"open","ping_status":"open","sticky":false,"template":"","format":"standard","meta":{"footnotes":""},"categories":[1],"tags":[],"_links":{"self":[{"href":"https:\/\/agniyoga.es\/index.php\/wp-json\/wp\/v2\/posts\/733"}],"collection":[{"href":"https:\/\/agniyoga.es\/index.php\/wp-json\/wp\/v2\/posts"}],"about":[{"href":"https:\/\/agniyoga.es\/index.php\/wp-json\/wp\/v2\/types\/post"}],"author":[{"embeddable":true,"href":"https:\/\/agniyoga.es\/index.php\/wp-json\/wp\/v2\/users\/1"}],"replies":[{"embeddable":true,"href":"https:\/\/agniyoga.es\/index.php\/wp-json\/wp\/v2\/comments?post=733"}],"version-history":[{"count":1,"href":"https:\/\/agniyoga.es\/index.php\/wp-json\/wp\/v2\/posts\/733\/revisions"}],"predecessor-version":[{"id":734,"href":"https:\/\/agniyoga.es\/index.php\/wp-json\/wp\/v2\/posts\/733\/revisions\/734"}],"wp:attachment":[{"href":"https:\/\/agniyoga.es\/index.php\/wp-json\/wp\/v2\/media?parent=733"}],"wp:term":[{"taxonomy":"category","embeddable":true,"href":"https:\/\/agniyoga.es\/index.php\/wp-json\/wp\/v2\/categories?post=733"},{"taxonomy":"post_tag","embeddable":true,"href":"https:\/\/agniyoga.es\/index.php\/wp-json\/wp\/v2\/tags?post=733"}],"curies":[{"name":"wp","href":"https:\/\/api.w.org\/{rel}","templated":true}]}}