{"id":736,"date":"2020-08-16T23:13:15","date_gmt":"2020-08-16T21:13:15","guid":{"rendered":"https:\/\/agniyoga.es\/?p=736"},"modified":"2020-08-16T23:17:23","modified_gmt":"2020-08-16T21:17:23","slug":"carta-a-una-amiga","status":"publish","type":"post","link":"https:\/\/agniyoga.es\/index.php\/2020\/08\/16\/carta-a-una-amiga\/","title":{"rendered":"Carta a una amiga"},"content":{"rendered":"\n<p>&nbsp;&nbsp; Hermana F., honro tu trayectoria, as\u00ed como nuestro encuentro. Agradezco infinitamente lo que recib\u00ed de vosotr@s y con vosotr@s y la profunda experiencia que el lugar me brind\u00f3. Amo profundamente la naturaleza, pero cuando llego a un lugar como \u00e9ste en el que est\u00e1s, me doy cuenca por contraste hasta qu\u00e9 punto este sistema infernal en el que vivimos ha profanado la naturaleza. Y es que, aunque se trata de una percepci\u00f3n sutil, la virginidad que conservan algunos lugares nos permite, a quienes llegamos a ellos, sentir la dimensi\u00f3n salvaje de la vida, esa dimensi\u00f3n en la que parad\u00f3jicamente lo salvaje se funde con lo espiritual permitiendo que la Divinidad aflore con fuerza y se perciba con claridad. Me doy cuenta de que eso sucede en parajes naturales ubicados en grandes espacios poco poblados que no han sido alcanzados por la energ\u00eda de control del sistema, lugares sin las interferencias de las perturbaciones mentales de los seres humanos y a los que no llegan las grandes contaminaciones electromagn\u00e9ticas, que tanto alteran los campos energ\u00e9ticos de los seres vivos. Hay en m\u00ed un profundo anhelo de volver a eso, pero tal vez en estos momentos hist\u00f3ricos por los que la humanidad transita, me corresponda permanecer en el campo de batalla, para poder contribuir al proceso de sanaci\u00f3n y ascensi\u00f3n. No lo s\u00e9, por eso me abro y dejo que la Providencia me dirija.<\/p>\n\n\n\n<p>&nbsp;&nbsp; Desde mi punto de vista -desde mi \u00e1ngulo particular, como dir\u00eda Vicente Beltr\u00e1n Anglada- el proceso de sanaci\u00f3n de los seres humanos pasa, en primera instancia, por iluminar la propia sombra. Para iluminar la propia sombra y que \u00e9sta no nos engulla y nos atrape en una prisi\u00f3n de densidad, hay que haber reconocido la Divinidad que habita en el Templo de nuestro propio Coraz\u00f3n y quererse referenciar all\u00ed por voluntad propia. La cualidad de la Divinidad que reside en nuestro templo interior el Amor Puro, ese Amor Puro que trasciende todo juicio y que nada sabe de culpa. Eso tiene mucho o todo que ver con responder al anhelo espiritual que muchos seres humanos tienen y con responsabilizarse de satisfacer ese anhelo. Porque las aportaciones de l@s dem\u00e1s nos pueden abrir canales, en un momento dado, nos pueden tambi\u00e9n servir de apoyo, pero sin ese movimiento \u00edntimo e individual de autoreconocimiento y autoreferencia, jam\u00e1s podremos hacer nuestro tr\u00e1nsito de ascensi\u00f3n. Cuando ese anclaje es firme, entonces podemos y debemos mirar para ver. Mirar hacia dentro de la propia mente y del propio sistema, as\u00ed como mirar y observar lo que sucede fuera, con el firme anhelo de descubrir la verdad.<\/p>\n\n\n\n<p>&nbsp;&nbsp; La mente es un aspecto del ser maravilloso, sin ella no podr\u00edamos discernir. Sin embargo, necesitamos distinguir entre la mente inferior y la mente superior. La mente inferior es la mente racional y discursiva, tan vinculada al h\u00e1bito de juzgar, tan intoxicada por la culpa. Es una mente \u00fatil, con una funci\u00f3n \u00fatil, pero hay que saberla poner en su lugar y precisa estar calibrada por la mente abstracta o superior. La mente superior es la mente que forma conjunci\u00f3n con el Aspecto del Coraz\u00f3n, es la mente que nos permite percibir la totalidad e integrar en la Consciencia la experiencia del ser.<\/p>\n\n\n\n<p>&nbsp;&nbsp; La experiencia que hemos vivido juntas estos d\u00edas encierra un profundo aprendizaje. A m\u00ed me confirma lo que ya s\u00e9: en estos momentos hist\u00f3ricos en los que nuestro sistema solar y con \u00e9l nuestro amado planeta Tierra, ha entrado en la franja de influencia del Centro Gal\u00e1ctico, la frecuencia de luz se eleva de forma aceleradamente creciente, y con ese tremendo aumento de luz, la oscuridad, la densidad y las perturbaciones de la psicopat\u00eda que gobierna el mundo afloran a la superficie y se tornan visibles. Hoy en d\u00eda estamos viviendo en un mundo enormemente polarizado, la creciente frecuencia de la luz ilumina lo que antes no era visible. El tema aqu\u00ed es que hay que saber discernir para no polarizarse y no perderse en la oscura densidad. Lo primero y m\u00e1s importante, lo que dec\u00eda antes: precisamos un firme anclaje en el Coraz\u00f3n. Lo que le ha pasado a S., es que la energ\u00eda pura y luminosa del lugar ha sacado a relucir sus propios demonios, los que a\u00fan no ha podido ver. No es una persona mentalmente estable, est\u00e1 desequilibrada y por eso se confunde y proyecta lo que es propio en l@s dem\u00e1s. A m\u00ed me impact\u00f3 no s\u00f3lo el odio que emanaba, sino la energ\u00eda de control que emana de la mente inferior cuando no est\u00e1 calibrada por la superior. Esa es la misma energ\u00eda con la que los poderes f\u00e1cticos quieren dominar al mundo. Pero se olvidan de que energ\u00eda del Amor Universal es infinitamente m\u00e1s poderosa. Por eso, el \u00fanico verdadero e infalible refugio protector lo tenemos en la consciencia de la Divinidad que es lo mismo que decir en el Amor de nuestro Coraz\u00f3n.<\/p>\n\n\n\n<p>&nbsp;&nbsp; Te env\u00edo bendiciones y reconocimiento. Abrazos c\u00e1lidos para tod@s.<\/p>\n","protected":false},"excerpt":{"rendered":"<p>&nbsp;&nbsp; Hermana F., honro tu trayectoria, as\u00ed como nuestro encuentro. Agradezco infinitamente lo que recib\u00ed de vosotr@s y con vosotr@s y la profunda experiencia que el lugar me brind\u00f3. Amo profundamente la naturaleza, pero cuando llego a un lugar como \u00e9ste en el que est\u00e1s, me doy cuenca por contraste hasta qu\u00e9 punto este sistema [&hellip;]<\/p>\n","protected":false},"author":1,"featured_media":738,"comment_status":"open","ping_status":"open","sticky":false,"template":"","format":"standard","meta":{"footnotes":""},"categories":[1],"tags":[],"_links":{"self":[{"href":"https:\/\/agniyoga.es\/index.php\/wp-json\/wp\/v2\/posts\/736"}],"collection":[{"href":"https:\/\/agniyoga.es\/index.php\/wp-json\/wp\/v2\/posts"}],"about":[{"href":"https:\/\/agniyoga.es\/index.php\/wp-json\/wp\/v2\/types\/post"}],"author":[{"embeddable":true,"href":"https:\/\/agniyoga.es\/index.php\/wp-json\/wp\/v2\/users\/1"}],"replies":[{"embeddable":true,"href":"https:\/\/agniyoga.es\/index.php\/wp-json\/wp\/v2\/comments?post=736"}],"version-history":[{"count":3,"href":"https:\/\/agniyoga.es\/index.php\/wp-json\/wp\/v2\/posts\/736\/revisions"}],"predecessor-version":[{"id":740,"href":"https:\/\/agniyoga.es\/index.php\/wp-json\/wp\/v2\/posts\/736\/revisions\/740"}],"wp:featuredmedia":[{"embeddable":true,"href":"https:\/\/agniyoga.es\/index.php\/wp-json\/wp\/v2\/media\/738"}],"wp:attachment":[{"href":"https:\/\/agniyoga.es\/index.php\/wp-json\/wp\/v2\/media?parent=736"}],"wp:term":[{"taxonomy":"category","embeddable":true,"href":"https:\/\/agniyoga.es\/index.php\/wp-json\/wp\/v2\/categories?post=736"},{"taxonomy":"post_tag","embeddable":true,"href":"https:\/\/agniyoga.es\/index.php\/wp-json\/wp\/v2\/tags?post=736"}],"curies":[{"name":"wp","href":"https:\/\/api.w.org\/{rel}","templated":true}]}}