{"id":741,"date":"2020-08-19T17:09:35","date_gmt":"2020-08-19T15:09:35","guid":{"rendered":"https:\/\/agniyoga.es\/?p=741"},"modified":"2020-08-19T17:09:35","modified_gmt":"2020-08-19T15:09:35","slug":"que-es-saber-la-verdad","status":"publish","type":"post","link":"https:\/\/agniyoga.es\/index.php\/2020\/08\/19\/que-es-saber-la-verdad\/","title":{"rendered":"\u00bfQU\u00c9 ES SABER LA VERDAD?"},"content":{"rendered":"\n<p>&nbsp;&nbsp; Seg\u00fan mi percepci\u00f3n, saber la verdad es tener el conocimiento de los hechos, subrayo: tener el conocimiento de los hechos. Pareciera algo muy simple, pero no lo es. La verdad es la puerta a la libertad, vaya esta premisa por delante. La verdad es un campo extensible al infinito que encierra m\u00faltiples niveles, estratos y dimensiones, pero para acceder a la verdad m\u00e1s extensa y amplia hay que empezar por tener un inter\u00e9s honesto y genuino en el conocimiento del propio interior, en el conocimiento de lo m\u00e1s cercano e \u00edntimo hasta la m\u00e1xima profundidad posible, en cuanto que todo ello constituye lo propio, lo que nos conforma, condiciona y define. Esto tambi\u00e9n pareciera algo muy simple, pero no lo es. Conocer los hechos que acontecen y constituyen nuestro propio interior es una proeza que requiere mucho coraje. Aquello del propio interior que a\u00fan no ha sido sondeado es lo que constituye nuestra sombra. All\u00ed se esconden los monstruos, las amenazas reales y ficticias, las trampas, pero tambi\u00e9n los potenciales.<\/p>\n\n\n\n<p>&nbsp;&nbsp; En este sentido, la b\u00fasqueda de la verdad comienza por una exploraci\u00f3n sostenida en el tiempo de la propia persona, basada en la observaci\u00f3n incansable del propio comportamiento, del comportamiento de la propia mente, del movimiento y la calidad del propio pensamiento, del propio relato, del propio discurso; en la observaci\u00f3n de las creencias adquiridas que validamos y hacemos propias; en la observaci\u00f3n de nuestros juicios y de la poderosa inercia de los mismos; as\u00ed como en la observaci\u00f3n de nuestro sentir, de nuestras emociones y de nuestros estados de \u00e1nimo, de c\u00f3mo estos fluct\u00faan a merced de nuestros juicios y pensamientos. Se trata de descubrir el programa autom\u00e1tico y autoejecutable con el que cada persona individual ha estado funcionando y sosteniendo la realidad colectiva. El mundo interior es un basto mundo, a\u00fan desconocido para la mayor\u00eda. El conocimiento de los hechos pasa en primer t\u00e9rmino por el conocimiento de los hechos que ocurren en el interior de nuestro propio sistema. La total confianza en m\u00ed misma, as\u00ed como la total confianza en ti mism@, no puede de ninguna forma sustentarse en el desconocimiento. La ignorancia es un terreno absolutamente resbaladizo, en ella se erige la programaci\u00f3n que sostiene la falsedad del mundo en el que vivimos.<\/p>\n\n\n\n<p>&nbsp;&nbsp; Para hacer una profunda y sostenida exploraci\u00f3n del propio interior y no sucumbir en el intento, es imprescindible hacer un anclaje de consciencia en la dimensi\u00f3n Espiritual del Ser, lo cual significa referenciarse en el Templo del propio Coraz\u00f3n, habit\u00e1culo de la Divinidad Interior. Ese Espacio Divino dentro de cada quien trasciende el afianzado h\u00e1bito de la mente racional de juzgar y culpar. El juicio pierde credibilidad y poder cuando puede observarse en referencia a este espacio Divino y trascendente que constituye nuestro Ser Real. No es que el juicio desaparezca, aunque a larga es cierto que disminuye, pero con la pr\u00e1ctica aprenderemos a no creer en \u00e9l. Dicho sea de paso, la referencia en el propio Coraz\u00f3n es la pr\u00e1ctica por excelencia del Agni Yoga, Yoga de Fuego o Yoga de S\u00edntesis, el anclaje que nos permite trascender la inercia enjuiciadora de la mente racional o mente inferior que tan estrechamente nos vincula con la culpa. S\u00f3lo en el Coraz\u00f3n se produce la s\u00edntesis como la expresi\u00f3n que es de la Verdad con may\u00fasculas. Pero de este tema hablaremos en otra ocasi\u00f3n, mi inter\u00e9s ahora es volver a la cuesti\u00f3n planteada m\u00e1s arriba y que da pie a este art\u00edculo.<\/p>\n\n\n\n<p>&nbsp;&nbsp; Si bien el conocimiento de la verdad necesita fundamentarse en el compromiso del propio conocimiento, m\u00e1s all\u00e1 de eso la b\u00fasqueda de la verdad debe hacerse extensiva al mundo exterior, al mundo de las causas, al mundo de los efectos y al mundo de las relaciones entre los seres y de las relaciones entre cada quien y todos los elementos que conforman la realidad. Aprender a mirar para ver es tambi\u00e9n cuesti\u00f3n de pr\u00e1ctica. El mundo fenom\u00e9nico es de por s\u00ed un mundo ilusorio y enga\u00f1oso. A esto se le suma que nuestro mundo, el sistema de nuestra humanidad habitando el planeta Tierra, esta tomado, hoy por hoy y desde hace milenios, por \u00e9lites sat\u00e1nicas, es un mundo secuestrado por sat\u00e1n (lamento que suene tan fuerte, pero esa es la realidad). Esta \u00e9lite sat\u00e1nica est\u00e1 infiltrada en todos los recovecos del sistema y constituye la c\u00faspide de los gobiernos de la mayor\u00eda de los pa\u00edses del mundo. Esto significa que para conocer la verdad de lo que sucede en el mundo no nos podemos fundamentar en los medios de desinformaci\u00f3n oficiales, absolutamente comprados por las \u00e9lites poseedoras de los recursos del planeta, materiales e inmateriales. Precisamos ir m\u00e1s all\u00e1, con coraje y determinaci\u00f3n, y buscar informaci\u00f3n fuera de los circuitos oficiales, cotejarla, contrastarla, discriminar-la y seleccionarla. En esta b\u00fasqueda comprometida y desde mi punto de vista necesaria, vamos alcanzando cotas cada vez m\u00e1s profundas en un movimiento interno e \u00edntimo mediante el que se va tejiendo nuestra valiosa y ansiada libertad. No hay otra forma. &nbsp;&nbsp; Niveles de implicaci\u00f3n hay muchos, pero el aut\u00e9ntico y profundo compromiso es uno e ineludible: el compromiso con la verdad, acicate \u00fanico de nuestra libertad humana, individual y colectiva. Mientras se desconozca la verdad, la falsedad seguir\u00e1 domin\u00e1ndonos y seguiremos siendo esclavos de quienes falsean la realidad.<\/p>\n","protected":false},"excerpt":{"rendered":"<p>&nbsp;&nbsp; Seg\u00fan mi percepci\u00f3n, saber la verdad es tener el conocimiento de los hechos, subrayo: tener el conocimiento de los hechos. Pareciera algo muy simple, pero no lo es. La verdad es la puerta a la libertad, vaya esta premisa por delante. La verdad es un campo extensible al infinito que encierra m\u00faltiples niveles, estratos [&hellip;]<\/p>\n","protected":false},"author":1,"featured_media":742,"comment_status":"open","ping_status":"open","sticky":false,"template":"","format":"standard","meta":{"footnotes":""},"categories":[1],"tags":[],"_links":{"self":[{"href":"https:\/\/agniyoga.es\/index.php\/wp-json\/wp\/v2\/posts\/741"}],"collection":[{"href":"https:\/\/agniyoga.es\/index.php\/wp-json\/wp\/v2\/posts"}],"about":[{"href":"https:\/\/agniyoga.es\/index.php\/wp-json\/wp\/v2\/types\/post"}],"author":[{"embeddable":true,"href":"https:\/\/agniyoga.es\/index.php\/wp-json\/wp\/v2\/users\/1"}],"replies":[{"embeddable":true,"href":"https:\/\/agniyoga.es\/index.php\/wp-json\/wp\/v2\/comments?post=741"}],"version-history":[{"count":2,"href":"https:\/\/agniyoga.es\/index.php\/wp-json\/wp\/v2\/posts\/741\/revisions"}],"predecessor-version":[{"id":759,"href":"https:\/\/agniyoga.es\/index.php\/wp-json\/wp\/v2\/posts\/741\/revisions\/759"}],"wp:featuredmedia":[{"embeddable":true,"href":"https:\/\/agniyoga.es\/index.php\/wp-json\/wp\/v2\/media\/742"}],"wp:attachment":[{"href":"https:\/\/agniyoga.es\/index.php\/wp-json\/wp\/v2\/media?parent=741"}],"wp:term":[{"taxonomy":"category","embeddable":true,"href":"https:\/\/agniyoga.es\/index.php\/wp-json\/wp\/v2\/categories?post=741"},{"taxonomy":"post_tag","embeddable":true,"href":"https:\/\/agniyoga.es\/index.php\/wp-json\/wp\/v2\/tags?post=741"}],"curies":[{"name":"wp","href":"https:\/\/api.w.org\/{rel}","templated":true}]}}