{"id":746,"date":"2020-08-24T12:50:48","date_gmt":"2020-08-24T10:50:48","guid":{"rendered":"https:\/\/agniyoga.es\/?p=746"},"modified":"2020-08-24T12:50:48","modified_gmt":"2020-08-24T10:50:48","slug":"cual-es-nuestro-verdadero-trabajo","status":"publish","type":"post","link":"https:\/\/agniyoga.es\/index.php\/2020\/08\/24\/cual-es-nuestro-verdadero-trabajo\/","title":{"rendered":"\u00bfCu\u00e1l es nuestro verdadero trabajo?"},"content":{"rendered":"\n<p>&nbsp;&nbsp; Mucho se habla en estos d\u00edas de la batalla que se est\u00e1 librando entre el bien y el mal. Esta vieja dial\u00e9ctica tan usada por los medios de informaci\u00f3n extraoficiales, muchos de ellos rigurosos y veraces, usada incluso por el sistema mismo para juzgar, culpabilizar, condenar y castigar, sigue opacando nuestra visi\u00f3n, en el sentido de que, adem\u00e1s de mantener nuestra percepci\u00f3n limitada por la mente racional, desv\u00eda nuestra atenci\u00f3n hacia afuera; y no es que no haya que seguir con atenci\u00f3n los acontecimientos, yo misma lo hago con much\u00edsimo inter\u00e9s, sin embargo, no al precio de descuidar la observaci\u00f3n atenta del propio sistema interno de emoci\u00f3n, pensamiento, intenci\u00f3n y acci\u00f3n. Sondear con profundo compromiso y honestidad el propio interior y hacerlo desde un anclaje firme en el Coraz\u00f3n -\u00fanico lugar protegido y seguro que trasciende todo juicio- sigue siendo una necesidad prioritaria. Llegar a conocer nuestras intenciones ocultas tras las intenciones aparentes de nuestra mente racional es requisito imprescindible para protagonizar la propia liberaci\u00f3n. En la medida en que sigamos siendo un@s grandes desconocid@s para nosot@s mism@s, no estaremos verdaderamente al servicio del Amor Redentor liderado por el Coraz\u00f3n y desde el Coraz\u00f3n. Para desenmascarar al ego y descubrir la sutilidad de su sistema tir\u00e1nico de control se requiere mucha firmeza y compromiso. La comprensi\u00f3n de la profundidad que tiene esta premisa s\u00f3lo se alcanza con la pr\u00e1ctica sostenida en el tiempo, es un camino, y hasta donde yo s\u00e9 no hay atajos que nos puedan eximir de este proceso.<\/p>\n\n\n\n<p>&nbsp;&nbsp; Estamos viviendo un momento de mucha trascendencia, es indudable. Muchas personas est\u00e1n descubriendo la realidad predadora de los seres tir\u00e1nicos que han dominado el mundo por milenios, as\u00ed como la encarnizada lucha de los predadores entre ellos mismos para hacerse con el dominio completo de la humanidad y del planeta. Es una lucha a cualquier precio, pues el desprecio por la vida de estos tiranos alcanza cotas inconcebibles para el ser humano com\u00fan.<\/p>\n\n\n\n<p>&nbsp;&nbsp; Es cierto que hemos sido v\u00edctimas de un plan maquiav\u00e9lico que se cierne sobre esta humanidad desde el principio de los tiempos. Es cierto que la complejidad y los ardides de este sistema sat\u00e1nico de control tienen un alcance insospechado. Es cierto que los mecanismos de control y manipulaci\u00f3n medi\u00e1tica se han utilizado siempre a lo largo de la historia de la humanidad, pero con el desarrollo tecnol\u00f3gico, estas t\u00e9cnicas se han sofisticado hasta el punto de que hay muchos seres humanos que ya nos los podr\u00e1n eludir. Es fat\u00eddica y absolutamente cierto que la mente maquiav\u00e9lica que hoy por hoy domina y dirige el mundo m\u00e1s all\u00e1 de lo visible, ha secuestrado las mentes de much\u00edsimos seres humanos, as\u00ed como el mundo de las ideas, a trav\u00e9s del dominio y posesi\u00f3n de los medios de comunicaci\u00f3n masivos, consiguiendo con ello que una gran parte de la humanidad ya no tenga discernimiento ni piense por s\u00ed misma. Este secuestro de la mente colectiva ha capado el desarrollo de las capacidades humanas de much@s, que cada vez est\u00e1n m\u00e1s lejos de su propio anhelo espiritual de Amor, m\u00e1s lejos de su capacidad de discernimiento, por lo que les resulta imposible percibir la verdad y la realidad detr\u00e1s de las apariencias. No obstante, no toda la humanidad est\u00e1 perdida y es muy cierto que la crudeza del apret\u00f3n energ\u00e9tico que estamos viviendo, as\u00ed como el descaro de las mentiras e incongruencias del plan de los gobiernos, sacuden fuertemente las consciencias de muchas personas que se empiezan a cuestionar seriamente las versiones oficiales de lo que est\u00e1 sucediendo. No nos podemos olvidar de que, a pesar de tanta confusi\u00f3n, dolor y sufrimiento, en nuestro Coraz\u00f3n sigue palpitando la Esencia Original de quienes verdaderamente somos. El despertar de una sola consciencia representa hoy m\u00e1s que nunca un tir\u00f3n evolutivo de proporciones cu\u00e1nticas. La Luminosa y Divina Esencia que somos transita por la senda evolutiva e imparable del Amor que une las consciencias individuales en el Prop\u00f3sito Supremo de Unicidad y Consciencia. La Realidad \u00daltima y Verdadera es de Amor y de Uni\u00f3n en el Amor. Ninguna fuerza, por grande que aparente ser, tiene capacidad para oponerse ni un \u00e1pice a Esta Realidad.<\/p>\n","protected":false},"excerpt":{"rendered":"<p>&nbsp;&nbsp; Mucho se habla en estos d\u00edas de la batalla que se est\u00e1 librando entre el bien y el mal. Esta vieja dial\u00e9ctica tan usada por los medios de informaci\u00f3n extraoficiales, muchos de ellos rigurosos y veraces, usada incluso por el sistema mismo para juzgar, culpabilizar, condenar y castigar, sigue opacando nuestra visi\u00f3n, en el [&hellip;]<\/p>\n","protected":false},"author":1,"featured_media":747,"comment_status":"open","ping_status":"open","sticky":false,"template":"","format":"standard","meta":{"footnotes":""},"categories":[1],"tags":[],"_links":{"self":[{"href":"https:\/\/agniyoga.es\/index.php\/wp-json\/wp\/v2\/posts\/746"}],"collection":[{"href":"https:\/\/agniyoga.es\/index.php\/wp-json\/wp\/v2\/posts"}],"about":[{"href":"https:\/\/agniyoga.es\/index.php\/wp-json\/wp\/v2\/types\/post"}],"author":[{"embeddable":true,"href":"https:\/\/agniyoga.es\/index.php\/wp-json\/wp\/v2\/users\/1"}],"replies":[{"embeddable":true,"href":"https:\/\/agniyoga.es\/index.php\/wp-json\/wp\/v2\/comments?post=746"}],"version-history":[{"count":1,"href":"https:\/\/agniyoga.es\/index.php\/wp-json\/wp\/v2\/posts\/746\/revisions"}],"predecessor-version":[{"id":748,"href":"https:\/\/agniyoga.es\/index.php\/wp-json\/wp\/v2\/posts\/746\/revisions\/748"}],"wp:featuredmedia":[{"embeddable":true,"href":"https:\/\/agniyoga.es\/index.php\/wp-json\/wp\/v2\/media\/747"}],"wp:attachment":[{"href":"https:\/\/agniyoga.es\/index.php\/wp-json\/wp\/v2\/media?parent=746"}],"wp:term":[{"taxonomy":"category","embeddable":true,"href":"https:\/\/agniyoga.es\/index.php\/wp-json\/wp\/v2\/categories?post=746"},{"taxonomy":"post_tag","embeddable":true,"href":"https:\/\/agniyoga.es\/index.php\/wp-json\/wp\/v2\/tags?post=746"}],"curies":[{"name":"wp","href":"https:\/\/api.w.org\/{rel}","templated":true}]}}