{"id":775,"date":"2020-09-12T09:29:51","date_gmt":"2020-09-12T07:29:51","guid":{"rendered":"https:\/\/agniyoga.es\/?p=775"},"modified":"2020-09-12T09:29:51","modified_gmt":"2020-09-12T07:29:51","slug":"articulo-del-8-de-septiembre-desde-la-sierra-de-gredos","status":"publish","type":"post","link":"https:\/\/agniyoga.es\/index.php\/2020\/09\/12\/articulo-del-8-de-septiembre-desde-la-sierra-de-gredos\/","title":{"rendered":"Art\u00edculo del 8 de septiembre DESDE LA SIERRA DE GREDOS"},"content":{"rendered":"<p>Desde el punto de vista hist\u00f3rico, es \u00e9ste un momento extra\u00f1o de la experiencia humana. Y est\u00e1 resultando tambi\u00e9n una vivencia surrealista desde el punto de vista de mi propia experiencia, aunque muy probablemente no sea la \u00fanica que tiene esta percepci\u00f3n. A las personas que no comulgamos con ruedas de molino y vemos m\u00e1s all\u00e1 de la realidad aparente nos llaman negacionistas. Pero \u00bfqu\u00e9 se supone que negamos? En todo caso negacionista ser\u00eda aquella persona que negase la realidad, y no aquella persona que no se tragase lo ilusorio como real. Esta acusaci\u00f3n que nos hacen responde al tan extendido acto psicol\u00f3gico de proyecci\u00f3n del fen\u00f3meno llamado solipsismo, que consiste en creer con absoluta convicci\u00f3n que la percepci\u00f3n de la propia mente equivale a la verdad absoluta y que nada existe, o no pasa nada m\u00e1s, que lo que la propia mente percibe.<\/p>\n<p>La humanidad est\u00e1 hipnotizada, programada, y el sistema ya se encarga de seguir administrando t\u00e9cnicas hipn\u00f3ticas cada vez m\u00e1s efectivas y sofisticadas -como es la imposici\u00f3n de la mascarilla- con el objetivo de frenar la evoluci\u00f3n y abortar el despertar de la consciencia que en estos tiempos se produce de forma org\u00e1nica y natural en virtud del momento cosmol\u00f3gico que estamos viviendo. Es un hecho que hay seres y fuerzas que se oponen al despertar de la humanidad por un \u00fanico y mal\u00e9fico inter\u00e9s de dominio, posesi\u00f3n y control. Esto, que a tantas personas les suena a conspiranoia, pero que a ojos de una mente despierta es una clara evidencia, forma parte de la experiencia humana en el planeta Tierra desde los mism\u00edsimos or\u00edgenes de la misma.<\/p>\n<p>Todo este tema de la pandemia es una farsa absoluta, tejida y maquiav\u00e9licamente planeada por la mal\u00e9fica mente de la \u00e9lite dominante. A quienes somos capaces de verlo y expresarlo nos llaman negacionistas&#8230; y as\u00ed, una vez m\u00e1s, el plan sigue su curso. La mente despierta sabe que desde el punto de vista de la experiencia humana, la consciencia es un proceso expansivo que a medida que se despliega deja expuesta una realidad cada vez mayor. No hay negacionismo ninguno en conocer por experiencia propia que la realidad es mucho m\u00e1s basta de lo que la propia mente humana puede percibir, por muy despierta que est\u00e9. No hay negacionismo ninguno en el hecho de percibir que, en este mundo de experiencia, llamado planeta Tierra, nada es lo que parece. L@s verdader@s negacionistas niegan y proyectan su negaci\u00f3n, para lo cual los medios de desinformaci\u00f3n oficiales escogieron este contundente y convincente calificativo con el que sellan las mentes y las percepciones de la mayor\u00eda de las personas, reforzando la programaci\u00f3n a la que est\u00e1n sometid@s.<\/p>\n<p>Yo percibo que la negaci\u00f3n de la propia capacidad perceptiva queda perfectamente sellada y estanca en la elecci\u00f3n de creer sin cuestionamiento ninguno las versiones oficiales de los hechos. El sistema y los gobiernos no sirven a la verdad, est\u00e1n comprados y sometidos a esas fuerzas involutivas que tienen todo que ver con el control, el dominio y sometimiento del pueblo y de la mente humana, el acaparamiento y la posesi\u00f3n de los recursos materiales y energ\u00e9ticos y de la riqueza del mundo, que la hay, a pesar de lo que nos quieren hacer creer. El sistema depredador se sirve del juicio que mana de la mente condicionada cuando tacha de negacionistas a aquell@s que discrepamos de la verdad oficial. Pero con sus sofisticados y maquiav\u00e9licos mecanismos, el sistema va a\u00fan m\u00e1s all\u00e1 promoviendo que la censura de las versiones disidentes sea no s\u00f3lo aceptada por la sociedad, sino deseada y exigida, con la intenci\u00f3n de que la visi\u00f3n aguda de las mentes despiertas no impacte en otras mentes y contribuya al despertar colectivo.<\/p>\n<p>Sin embargo, la evoluci\u00f3n de la consciencia es un movimiento universal imparable intr\u00ednseco a la Naturaleza Expansiva de la Consciencia C\u00f3smica. Nada, ni mucho menos la perversi\u00f3n de la mente inferior a la que est\u00e1n sometidas las fuerzas involutivas, la pueden parar. Es un hecho protegido por la fuerza m\u00e1s poderosa del Universo: El Amor.<\/p>\n","protected":false},"excerpt":{"rendered":"<p>Desde el punto de vista hist\u00f3rico, es \u00e9ste un momento extra\u00f1o de la experiencia humana. Y est\u00e1 resultando tambi\u00e9n una vivencia surrealista desde el punto de vista de mi propia experiencia, aunque muy probablemente no sea la \u00fanica que tiene esta percepci\u00f3n. A las personas que no comulgamos con ruedas de molino y vemos m\u00e1s [&hellip;]<\/p>\n","protected":false},"author":1,"featured_media":763,"comment_status":"open","ping_status":"open","sticky":false,"template":"","format":"standard","meta":{"footnotes":""},"categories":[1],"tags":[],"_links":{"self":[{"href":"https:\/\/agniyoga.es\/index.php\/wp-json\/wp\/v2\/posts\/775"}],"collection":[{"href":"https:\/\/agniyoga.es\/index.php\/wp-json\/wp\/v2\/posts"}],"about":[{"href":"https:\/\/agniyoga.es\/index.php\/wp-json\/wp\/v2\/types\/post"}],"author":[{"embeddable":true,"href":"https:\/\/agniyoga.es\/index.php\/wp-json\/wp\/v2\/users\/1"}],"replies":[{"embeddable":true,"href":"https:\/\/agniyoga.es\/index.php\/wp-json\/wp\/v2\/comments?post=775"}],"version-history":[{"count":1,"href":"https:\/\/agniyoga.es\/index.php\/wp-json\/wp\/v2\/posts\/775\/revisions"}],"predecessor-version":[{"id":776,"href":"https:\/\/agniyoga.es\/index.php\/wp-json\/wp\/v2\/posts\/775\/revisions\/776"}],"wp:featuredmedia":[{"embeddable":true,"href":"https:\/\/agniyoga.es\/index.php\/wp-json\/wp\/v2\/media\/763"}],"wp:attachment":[{"href":"https:\/\/agniyoga.es\/index.php\/wp-json\/wp\/v2\/media?parent=775"}],"wp:term":[{"taxonomy":"category","embeddable":true,"href":"https:\/\/agniyoga.es\/index.php\/wp-json\/wp\/v2\/categories?post=775"},{"taxonomy":"post_tag","embeddable":true,"href":"https:\/\/agniyoga.es\/index.php\/wp-json\/wp\/v2\/tags?post=775"}],"curies":[{"name":"wp","href":"https:\/\/api.w.org\/{rel}","templated":true}]}}