{"id":779,"date":"2020-09-12T09:42:12","date_gmt":"2020-09-12T07:42:12","guid":{"rendered":"https:\/\/agniyoga.es\/?p=779"},"modified":"2020-09-12T09:42:12","modified_gmt":"2020-09-12T07:42:12","slug":"articulo-del-9-de-septiembre-desde-la-sierra-de-gredos","status":"publish","type":"post","link":"https:\/\/agniyoga.es\/index.php\/2020\/09\/12\/articulo-del-9-de-septiembre-desde-la-sierra-de-gredos\/","title":{"rendered":"Art\u00edculo del 9 de septiembre DESDE LA SIERRA DE GREDOS"},"content":{"rendered":"<p>Es preciso partir de la idea de que lo que perciben nuestros sentidos es una \u00ednfima parte de la realidad, y no s\u00f3lo eso, muchas veces nuestra percepci\u00f3n no alcanza siquiera a la informaci\u00f3n objetiva de lo que est\u00e1 aconteciendo, sino a una interpretaci\u00f3n falseada de ello. Dicho esto, estamos tan identificad@s con la realidad material y fenom\u00e9nica -realidad que, si ya es ilusoria de por s\u00ed, es con mucha frecuencia falseada por las mentes maquiav\u00e9licas que dirigen el cotarro- que la mayor\u00eda de los seres humanos no saben o no se han planteado a\u00fan, que la causa detr\u00e1s de la materia est\u00e1 m\u00e1s all\u00e1 de los planos visibles.<\/p>\n<p>Teniendo en cuenta que nuestra lucha y el \u00e9nfasis de nuestro trabajo est\u00e1 a\u00fan puesto en el plano material, es una evidencia que no tomamos en cuenta la realidad metaf\u00edsica que subyace en el proceso creativo de la propia realidad y de la realidad colectiva. El proceso evolutivo consciencial pasa por el hecho de despertar a los planos sutiles que conforman nuestra propia constituci\u00f3n org\u00e1nica y sist\u00e9mica: as\u00ed tenemos que por encima del f\u00edsico y enumerados en orden ascendente, estos planos son: el energ\u00e9tico, el emocional, el mental y el b\u00fadico (el primero de los planos espirituales del ser humano). Cuando comprendamos y tengamos en consideraci\u00f3n que las causas de los fen\u00f3menos est\u00e1n en los planos superiores en relaci\u00f3n al plano f\u00edsico material, habremos dado un paso muy importante a favor de nuestra experiencia consciente. El siguiente paso ser\u00e1 aprender a incidir en las causas relativas a los planos superiores con consciencia, reverencia y responsabilidad. Entonces nuestro poder creativo se armonizar\u00e1 y afinar\u00e1. Cuando hablo de reverencia me refiero al hecho de una actitud de reconocimiento de nuestra propia Naturaleza Divina Espiritual que tiene todo que ver con la autoreferencia.<\/p>\n<p>Es una cuesti\u00f3n de elecci\u00f3n. Mientras esto no sucede, continuamos estando a merced de fuerzas externas que nos seguir\u00e1n dirigiendo sin velar por nuestros propios intereses ni mucho menos por nuestro propio desarrollo de consciencia. Necesitamos sustraernos de semejante ingenuidad, de la ingenuidad de creer que las autoridades velan por nosotr@s, por nuestro bienestar en ning\u00fan sentido.<\/p>\n<p>Hablando en t\u00e9rminos generales, vivimos en un paradigma establecido de forma artificial que se ha creado prostituyendo y forzando las leyes naturales y universales. El problema es que las mentes individuales (seguimos hablando en t\u00e9rminos generales) supeditadas a ese paradigma que se interpreta como la realidad, descodifican la informaci\u00f3n en funci\u00f3n de las pautas establecidas por dicho paradigma. Se puede decir, que las personas que viven supeditadas al paradigma establecido viven hipnotizadas, literalmente sugestionadas, mucho m\u00e1s all\u00e1 de lo sospechado. Es una realidad como un templo que vemos aquello que esperamos ver. Hay que ir m\u00e1s all\u00e1 de la visi\u00f3n condicionada para empezar a ampliar nuestro campo de visi\u00f3n, no s\u00f3lo en el sentido f\u00edsico del t\u00e9rmino, sino tambi\u00e9n en el sentido metaf\u00edsico.<\/p>\n","protected":false},"excerpt":{"rendered":"<p>Es preciso partir de la idea de que lo que perciben nuestros sentidos es una \u00ednfima parte de la realidad, y no s\u00f3lo eso, muchas veces nuestra percepci\u00f3n no alcanza siquiera a la informaci\u00f3n objetiva de lo que est\u00e1 aconteciendo, sino a una interpretaci\u00f3n falseada de ello. Dicho esto, estamos tan identificad@s con la realidad [&hellip;]<\/p>\n","protected":false},"author":1,"featured_media":770,"comment_status":"open","ping_status":"open","sticky":false,"template":"","format":"standard","meta":{"footnotes":""},"categories":[1],"tags":[],"_links":{"self":[{"href":"https:\/\/agniyoga.es\/index.php\/wp-json\/wp\/v2\/posts\/779"}],"collection":[{"href":"https:\/\/agniyoga.es\/index.php\/wp-json\/wp\/v2\/posts"}],"about":[{"href":"https:\/\/agniyoga.es\/index.php\/wp-json\/wp\/v2\/types\/post"}],"author":[{"embeddable":true,"href":"https:\/\/agniyoga.es\/index.php\/wp-json\/wp\/v2\/users\/1"}],"replies":[{"embeddable":true,"href":"https:\/\/agniyoga.es\/index.php\/wp-json\/wp\/v2\/comments?post=779"}],"version-history":[{"count":1,"href":"https:\/\/agniyoga.es\/index.php\/wp-json\/wp\/v2\/posts\/779\/revisions"}],"predecessor-version":[{"id":780,"href":"https:\/\/agniyoga.es\/index.php\/wp-json\/wp\/v2\/posts\/779\/revisions\/780"}],"wp:featuredmedia":[{"embeddable":true,"href":"https:\/\/agniyoga.es\/index.php\/wp-json\/wp\/v2\/media\/770"}],"wp:attachment":[{"href":"https:\/\/agniyoga.es\/index.php\/wp-json\/wp\/v2\/media?parent=779"}],"wp:term":[{"taxonomy":"category","embeddable":true,"href":"https:\/\/agniyoga.es\/index.php\/wp-json\/wp\/v2\/categories?post=779"},{"taxonomy":"post_tag","embeddable":true,"href":"https:\/\/agniyoga.es\/index.php\/wp-json\/wp\/v2\/tags?post=779"}],"curies":[{"name":"wp","href":"https:\/\/api.w.org\/{rel}","templated":true}]}}