{"id":787,"date":"2020-09-21T11:36:00","date_gmt":"2020-09-21T09:36:00","guid":{"rendered":"https:\/\/agniyoga.es\/?p=787"},"modified":"2020-09-21T11:36:00","modified_gmt":"2020-09-21T09:36:00","slug":"prostitucion-de-las-leyes-y-esclavitud-mental-yo-no-me-someto","status":"publish","type":"post","link":"https:\/\/agniyoga.es\/index.php\/2020\/09\/21\/prostitucion-de-las-leyes-y-esclavitud-mental-yo-no-me-someto\/","title":{"rendered":"\u00bfPROSTITUCI\u00d3N DE LAS LEYES Y ESCLAVITUD MENTAL? YO NO ME SOMETO"},"content":{"rendered":"\n<p>&nbsp;&nbsp; Por definici\u00f3n y en virtud de nuestro origen divino, todos los seres humanos somos valiosos en nosotros mismos y todos custodiamos en nuestro interior un potencial creador inconmensurable. El problema es que no lo sabemos y nos est\u00e1n usurpando ese poder. La consciencia humana evoluciona a merced de algunas almas que van en avanzadilla de forma soberana hacia la expansi\u00f3n de su propia consciencia, respondiendo y contribuyendo as\u00ed al tir\u00f3n evolutivo de los tiempos que corren. Otras almas, que lamentablemente son muchas en n\u00famero, se van apagando en vida v\u00edctimas de la depredaci\u00f3n energ\u00e9tica. Fuerzas oscuras, con ansias insaciables de control y dominio y cuyas verdaderas directrices son extraplanetarias, se ocupan de parasitar, succionar y depredar no s\u00f3lo el potencial humano, sino tambi\u00e9n el planetario. Estas fuerzas, que act\u00faan cada vez con m\u00e1s descaro, est\u00e1n consiguiendo someter la voluntad de los seres humanos a merced de estratagemas de manipulaci\u00f3n que se han sofisticado mucho en los \u00faltimos tiempos.<\/p>\n\n\n\n<p>&nbsp;&nbsp; Pero aqu\u00ed y ahora me interesa hablar del potencial humano y de la importancia suprema de velar por la libertad, la soberan\u00eda y la preservaci\u00f3n de los derechos naturales fundamentados en leyes naturales universales e inalienables porque nos los quieren arrebatar, y para ello est\u00e1n invirtiendo y desplegando muchos recursos materiales y energ\u00e9ticos. Y es que estamos en guerra, y aunque no se trate de la cl\u00e1sica guerra de naciones, de unos pa\u00edses contra otros o de unos pueblos contra otros, si se trata de una guerra encubierta y no declarada de forma abierta, una guerra en toda regla, cuya caracter\u00edstica principal radica en el objetivo de someter las voluntades humanas para esclavizar la supremac\u00eda de todas las almas que a\u00fan son libres y convertirlas en objeto de depredaci\u00f3n. El \u00e9nfasis de la lucha ya no est\u00e1 en el territorio o en los recursos materiales y energ\u00e9ticos, porque los depredadores, los sujetos de la guerra, ya se han hecho con el territorio, quiere esto decir que, a pesar de que la mayor\u00eda de las personas lo ignora, las \u00e9lites poseen algo as\u00ed (no puedo decir el porcentaje con exactitud) como el 95% de los bienes materiales y recursos del planeta, es un hecho, lo hemos consentido, les hemos dejado y lo han conseguido a base de perversi\u00f3n, extorsi\u00f3n y manipulaci\u00f3n.<\/p>\n\n\n\n<p>&nbsp;&nbsp; Es important\u00edsimo se\u00f1alar que, aunque la intenci\u00f3n de los poderosos sea la de someter completamente la consciencia humana, eso es un imposible, puesto que la consciencia y la expansi\u00f3n de la consciencia, que siempre se produce en virtud de un Fundamento Universal improstituible llamado Amor, es un flujo imparable a favor de la evoluci\u00f3n, ya no humana, sino universal. Pueden apagar almas, depredarlas, de hecho lo han hecho siempre. Sin embargo, aquellas almas que se erigen soberanas, que apelan a su Origen Divino Esencial y se ocupan en conocer, desarrollar y utilizar sus capacidades con este fundamento, esas almas tienen una protecci\u00f3n natural inviolable. &nbsp;&nbsp;<\/p>\n\n\n\n<p>&nbsp;&nbsp; Sin embargo, existe un peligro real, a lo sumo para aquellas personas que, no s\u00f3lo ignoran lo que verdaderamente est\u00e1 pasando, sino que, adem\u00e1s de despreciar muchas de ellas su dimensi\u00f3n espiritual, ignoran el poder creador que tienen y c\u00f3mo funciona dicho poder. Aunque este no es el espacio para desarrollar este tema relativo al poder creador humano, si se\u00f1alar\u00e9 algo fundamental: es una realidad de f\u00edsica cu\u00e1ntica que aplica a nuestra vida cotidiana, que aquello en lo que ponemos el foco, aquello es lo que se acaba materializ\u00e1ndo para nosotr@s y se convierte en realidad. Esto, que lo saben perfectamente quienes ostentan el poder, llevan mucho tiempo utiliz\u00e1ndolo a su favor y lo siguen haciendo para lograr sus objetivos. As\u00ed han pervertido nuestras necesidades y preferencias, desviando la atenci\u00f3n de los seres humanos hacia unos objetivos corrompidos y vac\u00edos de contenido real. Pero al punto que quiero llegar ahora es a subrayar la importancia de tomar consciencia de la gravedad de la situaci\u00f3n alertando a las personas de un hecho muy importante y definitivo: si bien el miedo se ha utilizado siempre para manipular a las masas, en la actualidad han conseguido poner el foco de atenci\u00f3n de la mayor\u00eda de las personas del mundo en el miedo. Se trata de una maniobra tenebrosa y magistral, ya que el miedo es la fuerza que se opone al Amor y anula el sentido evolutivo del poder creativo humano, invirtiendo dicho poder en un sentido involutivo y destructivo. Este es el verdadero peligro. Aunque la mayor\u00eda de los seres humanos (en n\u00famero) han ca\u00eddo en esta trampa mortal, a\u00fan estamos a tiempo de rescate. Para ello es fundamental tener muy presente este hecho que acabo de mencionar. Con la atenci\u00f3n y el foco puesto en el miedo, nuestro potencial creador se invierte y lo que era una amenaza ficticia se convierte en una amenaza real. Y no estoy se\u00f1alando que la amenaza sea s\u00f3lo un posible virus biol\u00f3gico, la amenaza real radica en los sujetos de la depredaci\u00f3n y en la depredaci\u00f3n a la que nos est\u00e1n sometiendo y que adopta muchas y diversas formas. &nbsp;&nbsp;&nbsp;<\/p>\n\n\n\n<p>&nbsp;&nbsp; No deja de sorprenderme sobremanera la obediencia ciega de las personas que acatan todas las normas que se est\u00e1n imponiendo, que no s\u00f3lo no tienen ning\u00fan fundamento, sino que no tienen otro sentido que el se\u00f1alado, el de someternos, debilitarnos, da\u00f1arnos y sustraernos el poder para arrebatarnos nuestros derechos naturales y podernos depredar mejor (como el lobo de caperucita). Pondr\u00e9 un ejemplo de algo que est\u00e1 a la orden del d\u00eda: la mascarilla. Primero atemorizan a la poblaci\u00f3n creando una amenaza ficticia. Despu\u00e9s elaboran una serie de normas de actuaci\u00f3n, que la gente acata sin rechistar, mediante las que arremeten contra las libertades fundamentales. Luego ofrecen soluciones ficticias y supuestos recursos de protecci\u00f3n como es la archifamosa marcadilla, el distanciamiento social o la psicosis de asepsia. La mascarilla es el icono perfecto de la sumisi\u00f3n. Aunque ya es muy grave de por s\u00ed, el peor efecto de la mascarilla no es que reduce de forma real la entrada de ox\u00edgeno a nuestro organismo y que nos intoxica por la inspiraci\u00f3n del propio di\u00f3xido de carbono, el peor efecto de la mascarilla es su efecto metaf\u00edsico: simboliza la supresi\u00f3n de nuestra libertad de expresi\u00f3n, nos est\u00e1n tapando la boca, mermando nuestras habilidades naturales de comunicaci\u00f3n y la inmensa mayor\u00eda lo acepta con sumisi\u00f3n. La mascarilla, reduce ostensiblemente nuestra comunicaci\u00f3n. No s\u00f3lo distorsiona la voz, nos impide percibir la gesticulaci\u00f3n y expresi\u00f3n no verbal de los labios. Nos arrebata la identidad visual, nos a\u00edsla, nos aleja a l@s un@s de l@s otr@s, debilitando as\u00ed tambi\u00e9n la fuerza y la protecci\u00f3n que nos brinda nuestra uni\u00f3n, a esto \u00faltimo se le suma la norma que impone el distanciamiento f\u00edsico de dos metros entre las personas. En resumen, el uso indiscriminado de la mascarilla nos usurpa el poder y la libertad natural de ser, respirar, expresar y la libertad de relacionarnos abiertamente sin cortapisas. Muchas personas creen que deben usar la mascarilla por su propio bien y se\u00f1alan y acusan de temerari@s a quienes no la usan. Muchas otras, que empiezan a darse cuenta de que esto del virus es una estratagema, usan la mascarilla no tanto para protegerse del virus, sino por miedo a las represalias. En definitiva, cambia el objeto del miedo, pero en cualquier caso el foco sigue siendo el miedo. Pero la cosa no se acaba aqu\u00ed, si esto es grave de por s\u00ed, m\u00e1s grave a\u00fan es la imposici\u00f3n de la mascarilla en las escuelas y la orden de distanciamiento entre l@s ni\u00f1@s. No es dif\u00edcil darse cuenta de que, si bien las escuelas ya son de por s\u00ed centros de adoctrinamiento del sistema (este es otro tema que dar\u00eda mucho de s\u00ed), el introducir la obligatoriedad de la mascarilla en ellas tiene efectos devastadores en la psique infantil. Con esta maniobra, absolutamente maquiav\u00e9lica, se aseguran la sumisi\u00f3n social de por vida. Arremeten contra la libertad y la creatividad positiva de l@s ni\u00f1@s, que son el fundamento de la sociedad del ma\u00f1ana, arremeten contra el poder potencial del ser humano de autodeterminaci\u00f3n y se cargan de un plumazo su protecci\u00f3n ps\u00edquica. Por si esto fuera poco, la orden de distanciamiento entre ell@s refuerza la idea de que nuestros cong\u00e9neres ya no son nuestros aliados, sino amenazas potenciales. L@s ni\u00f1@s ya no se pueden tocar entre ell@s, ya no se pueden abrazar, ni besar, sus juegos cambiar\u00e1n necesariamente, la emoci\u00f3n natural e inocente de ser ni\u00f1@ se perder\u00e1. Por la vulnerabilidad natural de la infancia, corresponde que a l@s ni\u00f1@s l@s protejan sus adultos de referencia \u00a1\u00a1\u00a1pero no lo estamos haciendo!!!<\/p>\n\n\n\n<p>&nbsp;&nbsp; Es duro decirlo, y comprendo que sea duro el o\u00edrlo, pero es la pura verdad. Esto es un llamamiento a la cordura, un llamamiento a desplegar el coraje y la coherencia de actuaci\u00f3n. A\u00fan estamos a tiempo, a\u00fan podemos elegir actuar desde la supremac\u00eda del Amor, y por nuestro bien y por el bien de l@s nuestr@s, tenemos el deber de hacerlo. &nbsp;&nbsp;&nbsp;&nbsp;&nbsp;<\/p>\n","protected":false},"excerpt":{"rendered":"<p>&nbsp;&nbsp; Por definici\u00f3n y en virtud de nuestro origen divino, todos los seres humanos somos valiosos en nosotros mismos y todos custodiamos en nuestro interior un potencial creador inconmensurable. El problema es que no lo sabemos y nos est\u00e1n usurpando ese poder. La consciencia humana evoluciona a merced de algunas almas que van en avanzadilla [&hellip;]<\/p>\n","protected":false},"author":1,"featured_media":645,"comment_status":"open","ping_status":"open","sticky":false,"template":"","format":"standard","meta":{"footnotes":""},"categories":[1],"tags":[],"_links":{"self":[{"href":"https:\/\/agniyoga.es\/index.php\/wp-json\/wp\/v2\/posts\/787"}],"collection":[{"href":"https:\/\/agniyoga.es\/index.php\/wp-json\/wp\/v2\/posts"}],"about":[{"href":"https:\/\/agniyoga.es\/index.php\/wp-json\/wp\/v2\/types\/post"}],"author":[{"embeddable":true,"href":"https:\/\/agniyoga.es\/index.php\/wp-json\/wp\/v2\/users\/1"}],"replies":[{"embeddable":true,"href":"https:\/\/agniyoga.es\/index.php\/wp-json\/wp\/v2\/comments?post=787"}],"version-history":[{"count":1,"href":"https:\/\/agniyoga.es\/index.php\/wp-json\/wp\/v2\/posts\/787\/revisions"}],"predecessor-version":[{"id":788,"href":"https:\/\/agniyoga.es\/index.php\/wp-json\/wp\/v2\/posts\/787\/revisions\/788"}],"wp:featuredmedia":[{"embeddable":true,"href":"https:\/\/agniyoga.es\/index.php\/wp-json\/wp\/v2\/media\/645"}],"wp:attachment":[{"href":"https:\/\/agniyoga.es\/index.php\/wp-json\/wp\/v2\/media?parent=787"}],"wp:term":[{"taxonomy":"category","embeddable":true,"href":"https:\/\/agniyoga.es\/index.php\/wp-json\/wp\/v2\/categories?post=787"},{"taxonomy":"post_tag","embeddable":true,"href":"https:\/\/agniyoga.es\/index.php\/wp-json\/wp\/v2\/tags?post=787"}],"curies":[{"name":"wp","href":"https:\/\/api.w.org\/{rel}","templated":true}]}}