{"id":990,"date":"2022-06-24T20:09:37","date_gmt":"2022-06-24T18:09:37","guid":{"rendered":"https:\/\/agniyoga.es\/?p=990"},"modified":"2022-06-24T20:09:37","modified_gmt":"2022-06-24T18:09:37","slug":"cual-es-mi-proposito","status":"publish","type":"post","link":"https:\/\/agniyoga.es\/index.php\/2022\/06\/24\/cual-es-mi-proposito\/","title":{"rendered":"\u00bfCu\u00e1l es mi Prop\u00f3sito?"},"content":{"rendered":"\n<p>\u00a0\u00a0 Dejo de lado todos los peque\u00f1os prop\u00f3sitos del d\u00eda a d\u00eda para indagar hacia adentro y hallar las palabras con las que pueda definir mi Prop\u00f3sito. La definici\u00f3n tiene que ser escueta y sint\u00e9tica, la extensi\u00f3n se vuelve in\u00fatil y se convierte en dispersi\u00f3n y por lo tanto en p\u00e9rdida de consciencia. Entro en el silencio. Permanezco en \u00e9l. Tras un rato de silencio repito mentalmente la palabra Prop\u00f3sito y vuelvo a la pregunta: \u00bfCu\u00e1l es mi Prop\u00f3sito? Atiendo calmadamente para seleccionar la respuesta . Mi Prop\u00f3sito es&#8230; Erigirme Soberana en plenitud, conectada siempre, eternamente, al Amor de la Fuente.<\/p>\n","protected":false},"excerpt":{"rendered":"<p>\u00a0\u00a0 Dejo de lado todos los peque\u00f1os prop\u00f3sitos del d\u00eda a d\u00eda para indagar hacia adentro y hallar las palabras con las que pueda definir mi Prop\u00f3sito. La definici\u00f3n tiene que ser escueta y sint\u00e9tica, la extensi\u00f3n se vuelve in\u00fatil y se convierte en dispersi\u00f3n y por lo tanto en p\u00e9rdida de consciencia. Entro en [&hellip;]<\/p>\n","protected":false},"author":1,"featured_media":1001,"comment_status":"open","ping_status":"open","sticky":false,"template":"","format":"standard","meta":{"footnotes":""},"categories":[1],"tags":[],"_links":{"self":[{"href":"https:\/\/agniyoga.es\/index.php\/wp-json\/wp\/v2\/posts\/990"}],"collection":[{"href":"https:\/\/agniyoga.es\/index.php\/wp-json\/wp\/v2\/posts"}],"about":[{"href":"https:\/\/agniyoga.es\/index.php\/wp-json\/wp\/v2\/types\/post"}],"author":[{"embeddable":true,"href":"https:\/\/agniyoga.es\/index.php\/wp-json\/wp\/v2\/users\/1"}],"replies":[{"embeddable":true,"href":"https:\/\/agniyoga.es\/index.php\/wp-json\/wp\/v2\/comments?post=990"}],"version-history":[{"count":2,"href":"https:\/\/agniyoga.es\/index.php\/wp-json\/wp\/v2\/posts\/990\/revisions"}],"predecessor-version":[{"id":1003,"href":"https:\/\/agniyoga.es\/index.php\/wp-json\/wp\/v2\/posts\/990\/revisions\/1003"}],"wp:featuredmedia":[{"embeddable":true,"href":"https:\/\/agniyoga.es\/index.php\/wp-json\/wp\/v2\/media\/1001"}],"wp:attachment":[{"href":"https:\/\/agniyoga.es\/index.php\/wp-json\/wp\/v2\/media?parent=990"}],"wp:term":[{"taxonomy":"category","embeddable":true,"href":"https:\/\/agniyoga.es\/index.php\/wp-json\/wp\/v2\/categories?post=990"},{"taxonomy":"post_tag","embeddable":true,"href":"https:\/\/agniyoga.es\/index.php\/wp-json\/wp\/v2\/tags?post=990"}],"curies":[{"name":"wp","href":"https:\/\/api.w.org\/{rel}","templated":true}]}}